{"id":367,"date":"2013-01-04T00:00:00","date_gmt":"2013-01-03T23:00:00","guid":{"rendered":"https:\/\/www.ciceronegranada.com\/alhambra-opens-habitaciones-del-emperador\/"},"modified":"2021-08-25T09:09:52","modified_gmt":"2021-08-25T07:09:52","slug":"alhambra-opens-habitaciones-del-emperador","status":"publish","type":"post","link":"https:\/\/www.ciceronegranada.com\/en\/blog\/alhambra-opens-habitaciones-del-emperador\/","title":{"rendered":"The Alhambra opens to the public the Habitaciones del Emperador"},"content":{"rendered":"<p>The <strong>Alhambra (<a href=\"https:\/\/www.ciceronegranada.com\/en\/alhambra-tours\/\">Alhambra Tours<\/a>)<\/strong>\u00a0is opening the Habitaciones del Emperador, also known as the Habitaciones of <a href=\"https:\/\/www.ciceronegranada.com\/en\/blog\/washington-irving-in-granada\/\" target=\"_blank\" rel=\"noopener noreferrer\">Washington Irving<\/a>, as the space of the month for January with them being closed to the public the rest of the year due to their delicate nature.<\/p>\n<p>Visitors accessing the <a href=\"http:\/\/www.alhambra-patronato.es\/\" target=\"_blank\" rel=\"noopener noreferrer\">Granada monumental complex<\/a> will have the opportunity to discover these rooms on Tuesdays, Wednesdays, Thursdays and Sundays which also remind us of the North American author who wrote the famous <strong><a href=\"https:\/\/en.wikipedia.org\/wiki\/Tales_of_the_Alhambra\" target=\"_blank\" rel=\"noopener noreferrer\">Tales of the Alhambra<\/a><\/strong> as a result of staying there in 1829 in the rooms adjacent to them, known as the Salas de las Frutas.<\/p>\n<p><img fetchpriority=\"high\" decoding=\"async\" class=\"size-full wp-image-825 alignright\" src=\"https:\/\/www.ciceronegranada.com\/wp-content\/uploads\/2013\/01\/habitacionesirving.jpg\" alt=\"habitacionesirving\" width=\"300\" height=\"300\" \/><\/p>\n<p>Habitaci\u00f3n del Emperador\/Irving, in the <a href=\"https:\/\/www.ciceronegranada.com\/en\/what-see-granada\/alhambra-generalife\/\">Alhambra in Granada<\/a> As a part of adapting the Islamic palace for new Christian uses it is understood that the rooms were built in what was known in the Christian era as the prado, near the <strong>Sala de Dos Hermanas.<\/strong><\/p>\n<p>In this area a series of rooms were planned to connect the Palace of the Lions with the Palacio de Comares. They tend to be dated back to the time of <a href=\"https:\/\/en.wikipedia.org\/wiki\/Charles_V,_Holy_Roman_Emperor\" target=\"_blank\" rel=\"noopener noreferrer\">Charles V<\/a> although some researchers have pointed to possible interventions during the time of the <a href=\"https:\/\/en.wikipedia.org\/wiki\/Catholic_Monarchs\" target=\"_blank\" rel=\"noopener noreferrer\">Catholic Monarchs.<\/a><\/p>\n<p>Despite these visual changes, the new construction work was done in an integrated fashion with the rest of the Nasrid rooms, since they were adapted without needing to achieve symmetry in their layout.<\/p>\n<h3>New rooms<\/h3>\n<p>The new rooms were organised around an interior hallway and around an irregular courtyard, giving up the Islamic layout based on independent cells surrounding a courtyard and as such changing the access between the rooms.<\/p>\n<p>The first room, known as the <strong>Office of the Emperor,<\/strong> conserves a fireplace and a coffered ceiling, done in 1532 by Pedro Machuca, and then an ante-chamber used to access the royal bedrooms.<\/p>\n<p>On the door there\u2019s a marble plaque put there in 1914 in remembrance of the famous North American author Washington Irving, who stayed in the rooms known as <strong>Salas de las Frutas<\/strong>. Between 1535 and 1537, Julio Aquiles and Alejandro Mayner, close to Rafael, were entrusted with painting the walls in these rooms.<\/p>\n<div style=\"display: none;\"><\/div>\n","protected":false},"excerpt":{"rendered":"<p>The Alhambra (Alhambra Tours)\u00a0is opening the Habitaciones del Emperador, also known as the Habitaciones of Washington Irving, as the space of the month for January with them being closed to the public the rest of the year due to their delicate nature. Visitors accessing the Granada monumental complex will have the opportunity to discover these [&hellip;]<\/p>\n","protected":false},"author":3,"featured_media":2688,"comment_status":"closed","ping_status":"closed","sticky":false,"template":"","format":"standard","meta":{"content-type":"","footnotes":""},"categories":[307],"tags":[],"yoast_head":"<!-- This site is optimized with the Yoast SEO plugin v24.5 - https:\/\/yoast.com\/wordpress\/plugins\/seo\/ -->\n<title>The Alhambra opens to the public the Habitaciones del Emperador<\/title>\n<meta name=\"description\" content=\"The Alhambra opens the Habitaciones del Emperador as the Monthly place in January. They are also known as Washington Irving rooms.\" \/>\n<meta name=\"robots\" content=\"index, follow, max-snippet:-1, max-image-preview:large, max-video-preview:-1\" \/>\n<link rel=\"canonical\" href=\"https:\/\/www.ciceronegranada.com\/en\/blog\/alhambra-opens-habitaciones-del-emperador\/\" \/>\n<meta property=\"og:locale\" content=\"en_US\" \/>\n<meta property=\"og:type\" content=\"article\" \/>\n<meta property=\"og:title\" content=\"The Alhambra opens to the public the Habitaciones del Emperador\" \/>\n<meta property=\"og:description\" content=\"The Alhambra opens the Habitaciones del Emperador as the Monthly place in January. They are also known as Washington Irving rooms.\" \/>\n<meta property=\"og:url\" content=\"https:\/\/www.ciceronegranada.com\/en\/blog\/alhambra-opens-habitaciones-del-emperador\/\" \/>\n<meta property=\"og:site_name\" content=\"Visitas guiadas Granada y Alhambra | Gu\u00edas locales expertos\" \/>\n<meta property=\"article:published_time\" content=\"2013-01-03T23:00:00+00:00\" \/>\n<meta property=\"article:modified_time\" content=\"2021-08-25T07:09:52+00:00\" \/>\n<meta property=\"og:image\" content=\"https:\/\/www.ciceronegranada.com\/wp-content\/uploads\/2013\/01\/habitacionesirving-1.jpg\" \/>\n\t<meta property=\"og:image:width\" content=\"300\" \/>\n\t<meta property=\"og:image:height\" content=\"300\" \/>\n\t<meta property=\"og:image:type\" content=\"image\/jpeg\" \/>\n<meta name=\"author\" content=\"Cicerone CM\" \/>\n<meta name=\"twitter:card\" content=\"summary_large_image\" \/>\n<meta name=\"twitter:label1\" content=\"Written by\" \/>\n\t<meta name=\"twitter:data1\" content=\"Cicerone CM\" \/>\n\t<meta name=\"twitter:label2\" content=\"Est. reading time\" \/>\n\t<meta name=\"twitter:data2\" content=\"2 minutes\" \/>\n<script type=\"application\/ld+json\" class=\"yoast-schema-graph\">{\"@context\":\"https:\/\/schema.org\",\"@graph\":[{\"@type\":[\"Article\",\"BlogPosting\"],\"@id\":\"https:\/\/www.ciceronegranada.com\/en\/blog\/alhambra-opens-habitaciones-del-emperador\/#article\",\"isPartOf\":{\"@id\":\"https:\/\/www.ciceronegranada.com\/en\/blog\/alhambra-opens-habitaciones-del-emperador\/\"},\"author\":{\"name\":\"Cicerone CM\",\"@id\":\"https:\/\/www.ciceronegranada.com\/en\/#\/schema\/person\/42bce85e3bf83696c1c62f63a303f34f\"},\"headline\":\"The Alhambra opens to the public the Habitaciones del Emperador\",\"datePublished\":\"2013-01-03T23:00:00+00:00\",\"dateModified\":\"2021-08-25T07:09:52+00:00\",\"mainEntityOfPage\":{\"@id\":\"https:\/\/www.ciceronegranada.com\/en\/blog\/alhambra-opens-habitaciones-del-emperador\/\"},\"wordCount\":358,\"publisher\":{\"@id\":\"https:\/\/www.ciceronegranada.com\/en\/#organization\"},\"image\":{\"@id\":\"https:\/\/www.ciceronegranada.com\/en\/blog\/alhambra-opens-habitaciones-del-emperador\/#primaryimage\"},\"thumbnailUrl\":\"https:\/\/www.ciceronegranada.com\/wp-content\/uploads\/2013\/01\/habitacionesirving-1.jpg?wsr\",\"articleSection\":[\"Alhambra\"],\"inLanguage\":\"en-US\"},{\"@type\":\"WebPage\",\"@id\":\"https:\/\/www.ciceronegranada.com\/en\/blog\/alhambra-opens-habitaciones-del-emperador\/\",\"url\":\"https:\/\/www.ciceronegranada.com\/en\/blog\/alhambra-opens-habitaciones-del-emperador\/\",\"name\":\"The Alhambra opens to the public the Habitaciones del Emperador\",\"isPartOf\":{\"@id\":\"https:\/\/www.ciceronegranada.com\/en\/#website\"},\"primaryImageOfPage\":{\"@id\":\"https:\/\/www.ciceronegranada.com\/en\/blog\/alhambra-opens-habitaciones-del-emperador\/#primaryimage\"},\"image\":{\"@id\":\"https:\/\/www.ciceronegranada.com\/en\/blog\/alhambra-opens-habitaciones-del-emperador\/#primaryimage\"},\"thumbnailUrl\":\"https:\/\/www.ciceronegranada.com\/wp-content\/uploads\/2013\/01\/habitacionesirving-1.jpg?wsr\",\"datePublished\":\"2013-01-03T23:00:00+00:00\",\"dateModified\":\"2021-08-25T07:09:52+00:00\",\"description\":\"The Alhambra opens the Habitaciones del Emperador as the Monthly place in January. They are also known as Washington Irving rooms.\",\"breadcrumb\":{\"@id\":\"https:\/\/www.ciceronegranada.com\/en\/blog\/alhambra-opens-habitaciones-del-emperador\/#breadcrumb\"},\"inLanguage\":\"en-US\",\"potentialAction\":[{\"@type\":\"ReadAction\",\"target\":[\"https:\/\/www.ciceronegranada.com\/en\/blog\/alhambra-opens-habitaciones-del-emperador\/\"]}]},{\"@type\":\"ImageObject\",\"inLanguage\":\"en-US\",\"@id\":\"https:\/\/www.ciceronegranada.com\/en\/blog\/alhambra-opens-habitaciones-del-emperador\/#primaryimage\",\"url\":\"https:\/\/www.ciceronegranada.com\/wp-content\/uploads\/2013\/01\/habitacionesirving-1.jpg?wsr\",\"contentUrl\":\"https:\/\/www.ciceronegranada.com\/wp-content\/uploads\/2013\/01\/habitacionesirving-1.jpg?wsr\",\"width\":300,\"height\":300,\"caption\":\"habitacionesirving 1\"},{\"@type\":\"BreadcrumbList\",\"@id\":\"https:\/\/www.ciceronegranada.com\/en\/blog\/alhambra-opens-habitaciones-del-emperador\/#breadcrumb\",\"itemListElement\":[{\"@type\":\"ListItem\",\"position\":1,\"name\":\"Home\",\"item\":\"https:\/\/www.ciceronegranada.com\/en\/\"},{\"@type\":\"ListItem\",\"position\":2,\"name\":\"The Alhambra opens to the public the Habitaciones del Emperador\"}]},{\"@type\":\"WebSite\",\"@id\":\"https:\/\/www.ciceronegranada.com\/en\/#website\",\"url\":\"https:\/\/www.ciceronegranada.com\/en\/\",\"name\":\"Visitas guiadas Granada y Alhambra | Gu\u00edas locales expertos\",\"description\":\"Visitas guiadas de Granada o la Alhambra con gu\u00edas locales expertos. Tours privados o en grupos reducidos para que no te pierdas ning\u00fan rinc\u00f3n de la ciudad.\",\"publisher\":{\"@id\":\"https:\/\/www.ciceronegranada.com\/en\/#organization\"},\"alternateName\":\"Visitas guiadas Granada y Alhambra | Cicerone Granada\",\"potentialAction\":[{\"@type\":\"SearchAction\",\"target\":{\"@type\":\"EntryPoint\",\"urlTemplate\":\"https:\/\/www.ciceronegranada.com\/en\/?s={search_term_string}\"},\"query-input\":{\"@type\":\"PropertyValueSpecification\",\"valueRequired\":true,\"valueName\":\"search_term_string\"}}],\"inLanguage\":\"en-US\"},{\"@type\":\"Organization\",\"@id\":\"https:\/\/www.ciceronegranada.com\/en\/#organization\",\"name\":\"CiceroneGranada\",\"url\":\"https:\/\/www.ciceronegranada.com\/en\/\",\"logo\":{\"@type\":\"ImageObject\",\"inLanguage\":\"en-US\",\"@id\":\"https:\/\/www.ciceronegranada.com\/en\/#\/schema\/logo\/image\/\",\"url\":\"https:\/\/www.ciceronegranada.com\/wp-content\/uploads\/2022\/09\/logo-cicerone-2022-black.png\",\"contentUrl\":\"https:\/\/www.ciceronegranada.com\/wp-content\/uploads\/2022\/09\/logo-cicerone-2022-black.png\",\"width\":1042,\"height\":217,\"caption\":\"CiceroneGranada\"},\"image\":{\"@id\":\"https:\/\/www.ciceronegranada.com\/en\/#\/schema\/logo\/image\/\"}},{\"@type\":\"Person\",\"@id\":\"https:\/\/www.ciceronegranada.com\/en\/#\/schema\/person\/42bce85e3bf83696c1c62f63a303f34f\",\"name\":\"Cicerone CM\",\"image\":{\"@type\":\"ImageObject\",\"inLanguage\":\"en-US\",\"@id\":\"https:\/\/www.ciceronegranada.com\/en\/#\/schema\/person\/image\/\",\"url\":\"https:\/\/secure.gravatar.com\/avatar\/1d2f109eddb7359d7da263c2ca5f3ad2?s=96&d=mm&r=g\",\"contentUrl\":\"https:\/\/secure.gravatar.com\/avatar\/1d2f109eddb7359d7da263c2ca5f3ad2?s=96&d=mm&r=g\",\"caption\":\"Cicerone CM\"},\"sameAs\":[\"https:\/\/www.ciceronegranada.com\"]}]}<\/script>\n<!-- \/ Yoast SEO plugin. -->","yoast_head_json":{"title":"The Alhambra opens to the public the Habitaciones del Emperador","description":"The Alhambra opens the Habitaciones del Emperador as the Monthly place in January. They are also known as Washington Irving rooms.","robots":{"index":"index","follow":"follow","max-snippet":"max-snippet:-1","max-image-preview":"max-image-preview:large","max-video-preview":"max-video-preview:-1"},"canonical":"https:\/\/www.ciceronegranada.com\/en\/blog\/alhambra-opens-habitaciones-del-emperador\/","og_locale":"en_US","og_type":"article","og_title":"The Alhambra opens to the public the Habitaciones del Emperador","og_description":"The Alhambra opens the Habitaciones del Emperador as the Monthly place in January. They are also known as Washington Irving rooms.","og_url":"https:\/\/www.ciceronegranada.com\/en\/blog\/alhambra-opens-habitaciones-del-emperador\/","og_site_name":"Visitas guiadas Granada y Alhambra | Gu\u00edas locales expertos","article_published_time":"2013-01-03T23:00:00+00:00","article_modified_time":"2021-08-25T07:09:52+00:00","og_image":[{"width":300,"height":300,"url":"https:\/\/www.ciceronegranada.com\/wp-content\/uploads\/2013\/01\/habitacionesirving-1.jpg","type":"image\/jpeg"}],"author":"Cicerone CM","twitter_card":"summary_large_image","twitter_misc":{"Written by":"Cicerone CM","Est. reading time":"2 minutes"},"schema":{"@context":"https:\/\/schema.org","@graph":[{"@type":["Article","BlogPosting"],"@id":"https:\/\/www.ciceronegranada.com\/en\/blog\/alhambra-opens-habitaciones-del-emperador\/#article","isPartOf":{"@id":"https:\/\/www.ciceronegranada.com\/en\/blog\/alhambra-opens-habitaciones-del-emperador\/"},"author":{"name":"Cicerone CM","@id":"https:\/\/www.ciceronegranada.com\/en\/#\/schema\/person\/42bce85e3bf83696c1c62f63a303f34f"},"headline":"The Alhambra opens to the public the Habitaciones del Emperador","datePublished":"2013-01-03T23:00:00+00:00","dateModified":"2021-08-25T07:09:52+00:00","mainEntityOfPage":{"@id":"https:\/\/www.ciceronegranada.com\/en\/blog\/alhambra-opens-habitaciones-del-emperador\/"},"wordCount":358,"publisher":{"@id":"https:\/\/www.ciceronegranada.com\/en\/#organization"},"image":{"@id":"https:\/\/www.ciceronegranada.com\/en\/blog\/alhambra-opens-habitaciones-del-emperador\/#primaryimage"},"thumbnailUrl":"https:\/\/www.ciceronegranada.com\/wp-content\/uploads\/2013\/01\/habitacionesirving-1.jpg?wsr","articleSection":["Alhambra"],"inLanguage":"en-US"},{"@type":"WebPage","@id":"https:\/\/www.ciceronegranada.com\/en\/blog\/alhambra-opens-habitaciones-del-emperador\/","url":"https:\/\/www.ciceronegranada.com\/en\/blog\/alhambra-opens-habitaciones-del-emperador\/","name":"The Alhambra opens to the public the Habitaciones del Emperador","isPartOf":{"@id":"https:\/\/www.ciceronegranada.com\/en\/#website"},"primaryImageOfPage":{"@id":"https:\/\/www.ciceronegranada.com\/en\/blog\/alhambra-opens-habitaciones-del-emperador\/#primaryimage"},"image":{"@id":"https:\/\/www.ciceronegranada.com\/en\/blog\/alhambra-opens-habitaciones-del-emperador\/#primaryimage"},"thumbnailUrl":"https:\/\/www.ciceronegranada.com\/wp-content\/uploads\/2013\/01\/habitacionesirving-1.jpg?wsr","datePublished":"2013-01-03T23:00:00+00:00","dateModified":"2021-08-25T07:09:52+00:00","description":"The Alhambra opens the Habitaciones del Emperador as the Monthly place in January. They are also known as Washington Irving rooms.","breadcrumb":{"@id":"https:\/\/www.ciceronegranada.com\/en\/blog\/alhambra-opens-habitaciones-del-emperador\/#breadcrumb"},"inLanguage":"en-US","potentialAction":[{"@type":"ReadAction","target":["https:\/\/www.ciceronegranada.com\/en\/blog\/alhambra-opens-habitaciones-del-emperador\/"]}]},{"@type":"ImageObject","inLanguage":"en-US","@id":"https:\/\/www.ciceronegranada.com\/en\/blog\/alhambra-opens-habitaciones-del-emperador\/#primaryimage","url":"https:\/\/www.ciceronegranada.com\/wp-content\/uploads\/2013\/01\/habitacionesirving-1.jpg?wsr","contentUrl":"https:\/\/www.ciceronegranada.com\/wp-content\/uploads\/2013\/01\/habitacionesirving-1.jpg?wsr","width":300,"height":300,"caption":"habitacionesirving 1"},{"@type":"BreadcrumbList","@id":"https:\/\/www.ciceronegranada.com\/en\/blog\/alhambra-opens-habitaciones-del-emperador\/#breadcrumb","itemListElement":[{"@type":"ListItem","position":1,"name":"Home","item":"https:\/\/www.ciceronegranada.com\/en\/"},{"@type":"ListItem","position":2,"name":"The Alhambra opens to the public the Habitaciones del Emperador"}]},{"@type":"WebSite","@id":"https:\/\/www.ciceronegranada.com\/en\/#website","url":"https:\/\/www.ciceronegranada.com\/en\/","name":"Visitas guiadas Granada y Alhambra | Gu\u00edas locales expertos","description":"Visitas guiadas de Granada o la Alhambra con gu\u00edas locales expertos. Tours privados o en grupos reducidos para que no te pierdas ning\u00fan rinc\u00f3n de la ciudad.","publisher":{"@id":"https:\/\/www.ciceronegranada.com\/en\/#organization"},"alternateName":"Visitas guiadas Granada y Alhambra | Cicerone Granada","potentialAction":[{"@type":"SearchAction","target":{"@type":"EntryPoint","urlTemplate":"https:\/\/www.ciceronegranada.com\/en\/?s={search_term_string}"},"query-input":{"@type":"PropertyValueSpecification","valueRequired":true,"valueName":"search_term_string"}}],"inLanguage":"en-US"},{"@type":"Organization","@id":"https:\/\/www.ciceronegranada.com\/en\/#organization","name":"CiceroneGranada","url":"https:\/\/www.ciceronegranada.com\/en\/","logo":{"@type":"ImageObject","inLanguage":"en-US","@id":"https:\/\/www.ciceronegranada.com\/en\/#\/schema\/logo\/image\/","url":"https:\/\/www.ciceronegranada.com\/wp-content\/uploads\/2022\/09\/logo-cicerone-2022-black.png","contentUrl":"https:\/\/www.ciceronegranada.com\/wp-content\/uploads\/2022\/09\/logo-cicerone-2022-black.png","width":1042,"height":217,"caption":"CiceroneGranada"},"image":{"@id":"https:\/\/www.ciceronegranada.com\/en\/#\/schema\/logo\/image\/"}},{"@type":"Person","@id":"https:\/\/www.ciceronegranada.com\/en\/#\/schema\/person\/42bce85e3bf83696c1c62f63a303f34f","name":"Cicerone CM","image":{"@type":"ImageObject","inLanguage":"en-US","@id":"https:\/\/www.ciceronegranada.com\/en\/#\/schema\/person\/image\/","url":"https:\/\/secure.gravatar.com\/avatar\/1d2f109eddb7359d7da263c2ca5f3ad2?s=96&d=mm&r=g","contentUrl":"https:\/\/secure.gravatar.com\/avatar\/1d2f109eddb7359d7da263c2ca5f3ad2?s=96&d=mm&r=g","caption":"Cicerone CM"},"sameAs":["https:\/\/www.ciceronegranada.com"]}]}},"_links":{"self":[{"href":"https:\/\/www.ciceronegranada.com\/en\/wp-json\/wp\/v2\/posts\/367"}],"collection":[{"href":"https:\/\/www.ciceronegranada.com\/en\/wp-json\/wp\/v2\/posts"}],"about":[{"href":"https:\/\/www.ciceronegranada.com\/en\/wp-json\/wp\/v2\/types\/post"}],"author":[{"embeddable":true,"href":"https:\/\/www.ciceronegranada.com\/en\/wp-json\/wp\/v2\/users\/3"}],"replies":[{"embeddable":true,"href":"https:\/\/www.ciceronegranada.com\/en\/wp-json\/wp\/v2\/comments?post=367"}],"version-history":[{"count":7,"href":"https:\/\/www.ciceronegranada.com\/en\/wp-json\/wp\/v2\/posts\/367\/revisions"}],"predecessor-version":[{"id":9046,"href":"https:\/\/www.ciceronegranada.com\/en\/wp-json\/wp\/v2\/posts\/367\/revisions\/9046"}],"wp:featuredmedia":[{"embeddable":true,"href":"https:\/\/www.ciceronegranada.com\/en\/wp-json\/wp\/v2\/media\/2688"}],"wp:attachment":[{"href":"https:\/\/www.ciceronegranada.com\/en\/wp-json\/wp\/v2\/media?parent=367"}],"wp:term":[{"taxonomy":"category","embeddable":true,"href":"https:\/\/www.ciceronegranada.com\/en\/wp-json\/wp\/v2\/categories?post=367"},{"taxonomy":"post_tag","embeddable":true,"href":"https:\/\/www.ciceronegranada.com\/en\/wp-json\/wp\/v2\/tags?post=367"}],"curies":[{"name":"wp","href":"https:\/\/api.w.org\/{rel}","templated":true}]}}