{"id":357,"date":"2015-05-05T00:00:00","date_gmt":"2015-05-04T22:00:00","guid":{"rendered":"https:\/\/www.ciceronegranada.com\/parador-san-francisco-alhambra\/"},"modified":"2021-08-25T09:00:04","modified_gmt":"2021-08-25T07:00:04","slug":"parador-san-francisco-alhambra","status":"publish","type":"post","link":"https:\/\/www.ciceronegranada.com\/en\/blog\/parador-san-francisco-alhambra\/","title":{"rendered":"San Francisco Parador, a convent in the Nasrid heart of the Alhambra"},"content":{"rendered":"<p>Crossing the Medina on foot, climbing the Sabika hill towards the Nasrid palaces or the <a href=\"https:\/\/www.ciceronegranada.com\/en\/what-see-granada\/alhambra-generalife\/\" target=\"_blank\" rel=\"noopener noreferrer\">Generalife&#8217;s<\/a> Almunia, <a href=\"https:\/\/www.ciceronegranada.com\/en\/what-see-granada\/alhambra-generalife\/\" target=\"_blank\" rel=\"noopener noreferrer\">Alhambra<\/a> visitors find themselves in a paradise of gardens, ponds and flowers, together with a Christian building nestled among the ruins of what was an Islamic city. It is the current <strong>Parador de San Francisco<\/strong>, located in what was a convent constructed by the Catholic Monarchs in 1493 on a Nasrid palace, the <em>Palacio de los infantes<\/em>, erected during the reign of Muhammad II between 1303 and 1309.<\/p>\n<p>The <strong>Medina of the Alhambra<\/strong> was home to nobles, courtiers, craftspeople and workers from the Nasrid royal family. This old palace belonged to a noble or Nasrid prince whose name is unknown, and occupied the eastern area of the medina in the Alhambra, at the end of <strong>Calle Real<\/strong>, crossing the royal canal which from the Albercones del Generalife, provided the entire palatial city.<img fetchpriority=\"high\" decoding=\"async\" class=\"alignnone wp-image-621\" src=\"https:\/\/www.ciceronegranada.com\/wp-content\/uploads\/2015\/05\/ConventoSAnFranciscoParador.jpg\" alt=\"ConventoSAnFranciscoParador\" width=\"1024\" height=\"704\" srcset=\"https:\/\/www.ciceronegranada.com\/wp-content\/uploads\/2015\/05\/ConventoSAnFranciscoParador.jpg 1163w, https:\/\/www.ciceronegranada.com\/wp-content\/uploads\/2015\/05\/ConventoSAnFranciscoParador-768x528.jpg 768w, https:\/\/www.ciceronegranada.com\/wp-content\/uploads\/2015\/05\/ConventoSAnFranciscoParador-1568x1078.jpg 1568w\" sizes=\"(max-width: 1024px) 100vw, 1024px\" \/><!--more--><\/p>\n<blockquote><p><em><img decoding=\"async\" class=\"alignleft wp-image-623 size-medium\" src=\"https:\/\/www.ciceronegranada.com\/wp-content\/uploads\/2015\/05\/qubbaparador-225x300.jpg\" alt=\"qubbaparador-225x300\" width=\"225\" height=\"300\" \/>Following the conquest of Granada, the Nasrid Palacio de los infantes was yielded by the Catholic Monarchs for the foundation of the first convent in Granada, where <strong>the first mass took place on 6 January 1492<\/strong>. During the remodelling, a main room or \u2018qubba\u2019, which was located in the central area of the northern centre, was converted into a chapel. It was in this very chapel that the <strong>tombs of the Catholic Monarchs were temporarily located until<\/strong><strong>1521<\/strong>. The viewpoint that can be enjoyed today was walled and served as an altar which overlooked the Generalife and the surrounding gardens. This square room featured bedrooms and alcoves around the outside, covered in Renaissance panels from the 16th century. Discover in this post, all the <a href=\"https:\/\/www.ciceronegranada.com\/en\/what-see-granada\/\">things to do in Granada<\/a>.<\/em><\/p>\n<p><em><img decoding=\"async\" class=\"alignleft wp-image-625 size-medium\" src=\"https:\/\/www.ciceronegranada.com\/wp-content\/uploads\/2015\/05\/qubbaparador2-300x225.jpg\" alt=\"qubbaparador2-300x225\" width=\"300\" height=\"225\" \/>In 1835, the monastery was abandoned by the Franciscans and was used as a barracks during the 19th century. Under the instruction of architect <strong>Leopoldo Torres Balb\u00e1s<\/strong>, almost all the ruins were recovered between 1927 and 1936, reconverting the building into a residence for painters. As chief architect and conservationist of the Alhambra, Francisco Prieto-Moreno Pardo undertook archaeological excavations, discovering among the remains a <strong>hammam or Arab baths<\/strong> belonging to the Islamic palace, constructing the building that today stands as a Parador hotel.<\/em><\/p><\/blockquote>\n<p>Despite the fact that today it\u2019s an accommodation establishment, its status as a national parador facilitates the conservation of this building with so much history between its walls. It\u2019s most definitely worth stopping for a look during your <a href=\"https:\/\/www.ciceronegranada.com\/en\/alhambra-tours\/\" target=\"_blank\" rel=\"noopener noreferrer\">Alhambra tour<\/a>.<\/p>\n<p>&nbsp;<\/p>\n<p>Information and photos: <a href=\"http:\/\/legadonazari.blogspot.com.es\/2013\/06\/palacio-de-los-infantes-antiguo.html\">Legado Nazar\u00ed<\/a><\/p>\n<div style=\"display: none;\"><\/div>\n","protected":false},"excerpt":{"rendered":"<p>Crossing the Medina on foot, climbing the Sabika hill towards the Nasrid palaces or the Generalife&#8217;s Almunia, Alhambra visitors find themselves in a paradise of gardens, ponds and flowers, together with a Christian building nestled among the ruins of what was an Islamic city. It is the current Parador de San Francisco, located in what [&hellip;]<\/p>\n","protected":false},"author":3,"featured_media":2475,"comment_status":"closed","ping_status":"closed","sticky":false,"template":"","format":"standard","meta":{"content-type":"","footnotes":""},"categories":[307],"tags":[],"yoast_head":"<!-- This site is optimized with the Yoast SEO plugin v24.5 - https:\/\/yoast.com\/wordpress\/plugins\/seo\/ -->\n<title>Parador de San Francisco | A convent in the heart of the Alhambra<\/title>\n<meta name=\"description\" content=\"The Parador de San Francisco, located in what was a convent constructed by the Catholic Monarchs in 1493 on a Nasrid palace, the Palacio de los infantes.\" \/>\n<meta name=\"robots\" content=\"index, follow, max-snippet:-1, max-image-preview:large, max-video-preview:-1\" \/>\n<link rel=\"canonical\" href=\"https:\/\/www.ciceronegranada.com\/en\/blog\/parador-san-francisco-alhambra\/\" \/>\n<meta property=\"og:locale\" content=\"en_US\" \/>\n<meta property=\"og:type\" content=\"article\" \/>\n<meta property=\"og:title\" content=\"Parador de San Francisco | A convent in the heart of the Alhambra\" \/>\n<meta property=\"og:description\" content=\"The Parador de San Francisco, located in what was a convent constructed by the Catholic Monarchs in 1493 on a Nasrid palace, the Palacio de los infantes.\" \/>\n<meta property=\"og:url\" content=\"https:\/\/www.ciceronegranada.com\/en\/blog\/parador-san-francisco-alhambra\/\" \/>\n<meta property=\"og:site_name\" content=\"Visitas guiadas Granada y Alhambra | Gu\u00edas locales expertos\" \/>\n<meta property=\"article:published_time\" content=\"2015-05-04T22:00:00+00:00\" \/>\n<meta property=\"article:modified_time\" content=\"2021-08-25T07:00:04+00:00\" \/>\n<meta property=\"og:image\" content=\"https:\/\/www.ciceronegranada.com\/wp-content\/uploads\/2015\/05\/ConventoSAnFranciscoParador-1-1.jpg\" \/>\n\t<meta property=\"og:image:width\" content=\"1500\" \/>\n\t<meta property=\"og:image:height\" content=\"1031\" \/>\n\t<meta property=\"og:image:type\" content=\"image\/jpeg\" \/>\n<meta name=\"author\" content=\"Cicerone CM\" \/>\n<meta name=\"twitter:card\" content=\"summary_large_image\" \/>\n<meta name=\"twitter:label1\" content=\"Written by\" \/>\n\t<meta name=\"twitter:data1\" content=\"Cicerone CM\" \/>\n\t<meta name=\"twitter:label2\" content=\"Est. reading time\" \/>\n\t<meta name=\"twitter:data2\" content=\"3 minutes\" \/>\n<script type=\"application\/ld+json\" class=\"yoast-schema-graph\">{\"@context\":\"https:\/\/schema.org\",\"@graph\":[{\"@type\":[\"Article\",\"BlogPosting\"],\"@id\":\"https:\/\/www.ciceronegranada.com\/en\/blog\/parador-san-francisco-alhambra\/#article\",\"isPartOf\":{\"@id\":\"https:\/\/www.ciceronegranada.com\/en\/blog\/parador-san-francisco-alhambra\/\"},\"author\":{\"name\":\"Cicerone CM\",\"@id\":\"https:\/\/www.ciceronegranada.com\/en\/#\/schema\/person\/42bce85e3bf83696c1c62f63a303f34f\"},\"headline\":\"San Francisco Parador, a convent in the Nasrid heart of the Alhambra\",\"datePublished\":\"2015-05-04T22:00:00+00:00\",\"dateModified\":\"2021-08-25T07:00:04+00:00\",\"mainEntityOfPage\":{\"@id\":\"https:\/\/www.ciceronegranada.com\/en\/blog\/parador-san-francisco-alhambra\/\"},\"wordCount\":413,\"publisher\":{\"@id\":\"https:\/\/www.ciceronegranada.com\/en\/#organization\"},\"image\":{\"@id\":\"https:\/\/www.ciceronegranada.com\/en\/blog\/parador-san-francisco-alhambra\/#primaryimage\"},\"thumbnailUrl\":\"https:\/\/www.ciceronegranada.com\/wp-content\/uploads\/2015\/05\/ConventoSAnFranciscoParador-1-1.jpg?wsr\",\"articleSection\":[\"Alhambra\"],\"inLanguage\":\"en-US\"},{\"@type\":\"WebPage\",\"@id\":\"https:\/\/www.ciceronegranada.com\/en\/blog\/parador-san-francisco-alhambra\/\",\"url\":\"https:\/\/www.ciceronegranada.com\/en\/blog\/parador-san-francisco-alhambra\/\",\"name\":\"Parador de San Francisco | A convent in the heart of the Alhambra\",\"isPartOf\":{\"@id\":\"https:\/\/www.ciceronegranada.com\/en\/#website\"},\"primaryImageOfPage\":{\"@id\":\"https:\/\/www.ciceronegranada.com\/en\/blog\/parador-san-francisco-alhambra\/#primaryimage\"},\"image\":{\"@id\":\"https:\/\/www.ciceronegranada.com\/en\/blog\/parador-san-francisco-alhambra\/#primaryimage\"},\"thumbnailUrl\":\"https:\/\/www.ciceronegranada.com\/wp-content\/uploads\/2015\/05\/ConventoSAnFranciscoParador-1-1.jpg?wsr\",\"datePublished\":\"2015-05-04T22:00:00+00:00\",\"dateModified\":\"2021-08-25T07:00:04+00:00\",\"description\":\"The Parador de San Francisco, located in what was a convent constructed by the Catholic Monarchs in 1493 on a Nasrid palace, the Palacio de los infantes.\",\"breadcrumb\":{\"@id\":\"https:\/\/www.ciceronegranada.com\/en\/blog\/parador-san-francisco-alhambra\/#breadcrumb\"},\"inLanguage\":\"en-US\",\"potentialAction\":[{\"@type\":\"ReadAction\",\"target\":[\"https:\/\/www.ciceronegranada.com\/en\/blog\/parador-san-francisco-alhambra\/\"]}]},{\"@type\":\"ImageObject\",\"inLanguage\":\"en-US\",\"@id\":\"https:\/\/www.ciceronegranada.com\/en\/blog\/parador-san-francisco-alhambra\/#primaryimage\",\"url\":\"https:\/\/www.ciceronegranada.com\/wp-content\/uploads\/2015\/05\/ConventoSAnFranciscoParador-1-1.jpg?wsr\",\"contentUrl\":\"https:\/\/www.ciceronegranada.com\/wp-content\/uploads\/2015\/05\/ConventoSAnFranciscoParador-1-1.jpg?wsr\",\"width\":1500,\"height\":1031,\"caption\":\"ConventoSAnFranciscoParador 1 1\"},{\"@type\":\"BreadcrumbList\",\"@id\":\"https:\/\/www.ciceronegranada.com\/en\/blog\/parador-san-francisco-alhambra\/#breadcrumb\",\"itemListElement\":[{\"@type\":\"ListItem\",\"position\":1,\"name\":\"Home\",\"item\":\"https:\/\/www.ciceronegranada.com\/en\/\"},{\"@type\":\"ListItem\",\"position\":2,\"name\":\"San Francisco Parador, a convent in the Nasrid heart of the Alhambra\"}]},{\"@type\":\"WebSite\",\"@id\":\"https:\/\/www.ciceronegranada.com\/en\/#website\",\"url\":\"https:\/\/www.ciceronegranada.com\/en\/\",\"name\":\"Visitas guiadas Granada y Alhambra | Gu\u00edas locales expertos\",\"description\":\"Visitas guiadas de Granada o la Alhambra con gu\u00edas locales expertos. Tours privados o en grupos reducidos para que no te pierdas ning\u00fan rinc\u00f3n de la ciudad.\",\"publisher\":{\"@id\":\"https:\/\/www.ciceronegranada.com\/en\/#organization\"},\"alternateName\":\"Visitas guiadas Granada y Alhambra | Cicerone Granada\",\"potentialAction\":[{\"@type\":\"SearchAction\",\"target\":{\"@type\":\"EntryPoint\",\"urlTemplate\":\"https:\/\/www.ciceronegranada.com\/en\/?s={search_term_string}\"},\"query-input\":{\"@type\":\"PropertyValueSpecification\",\"valueRequired\":true,\"valueName\":\"search_term_string\"}}],\"inLanguage\":\"en-US\"},{\"@type\":\"Organization\",\"@id\":\"https:\/\/www.ciceronegranada.com\/en\/#organization\",\"name\":\"CiceroneGranada\",\"url\":\"https:\/\/www.ciceronegranada.com\/en\/\",\"logo\":{\"@type\":\"ImageObject\",\"inLanguage\":\"en-US\",\"@id\":\"https:\/\/www.ciceronegranada.com\/en\/#\/schema\/logo\/image\/\",\"url\":\"https:\/\/www.ciceronegranada.com\/wp-content\/uploads\/2022\/09\/logo-cicerone-2022-black.png\",\"contentUrl\":\"https:\/\/www.ciceronegranada.com\/wp-content\/uploads\/2022\/09\/logo-cicerone-2022-black.png\",\"width\":1042,\"height\":217,\"caption\":\"CiceroneGranada\"},\"image\":{\"@id\":\"https:\/\/www.ciceronegranada.com\/en\/#\/schema\/logo\/image\/\"}},{\"@type\":\"Person\",\"@id\":\"https:\/\/www.ciceronegranada.com\/en\/#\/schema\/person\/42bce85e3bf83696c1c62f63a303f34f\",\"name\":\"Cicerone CM\",\"image\":{\"@type\":\"ImageObject\",\"inLanguage\":\"en-US\",\"@id\":\"https:\/\/www.ciceronegranada.com\/en\/#\/schema\/person\/image\/\",\"url\":\"https:\/\/secure.gravatar.com\/avatar\/1d2f109eddb7359d7da263c2ca5f3ad2?s=96&d=mm&r=g\",\"contentUrl\":\"https:\/\/secure.gravatar.com\/avatar\/1d2f109eddb7359d7da263c2ca5f3ad2?s=96&d=mm&r=g\",\"caption\":\"Cicerone CM\"},\"sameAs\":[\"https:\/\/www.ciceronegranada.com\"]}]}<\/script>\n<!-- \/ Yoast SEO plugin. -->","yoast_head_json":{"title":"Parador de San Francisco | A convent in the heart of the Alhambra","description":"The Parador de San Francisco, located in what was a convent constructed by the Catholic Monarchs in 1493 on a Nasrid palace, the Palacio de los infantes.","robots":{"index":"index","follow":"follow","max-snippet":"max-snippet:-1","max-image-preview":"max-image-preview:large","max-video-preview":"max-video-preview:-1"},"canonical":"https:\/\/www.ciceronegranada.com\/en\/blog\/parador-san-francisco-alhambra\/","og_locale":"en_US","og_type":"article","og_title":"Parador de San Francisco | A convent in the heart of the Alhambra","og_description":"The Parador de San Francisco, located in what was a convent constructed by the Catholic Monarchs in 1493 on a Nasrid palace, the Palacio de los infantes.","og_url":"https:\/\/www.ciceronegranada.com\/en\/blog\/parador-san-francisco-alhambra\/","og_site_name":"Visitas guiadas Granada y Alhambra | Gu\u00edas locales expertos","article_published_time":"2015-05-04T22:00:00+00:00","article_modified_time":"2021-08-25T07:00:04+00:00","og_image":[{"width":1500,"height":1031,"url":"https:\/\/www.ciceronegranada.com\/wp-content\/uploads\/2015\/05\/ConventoSAnFranciscoParador-1-1.jpg","type":"image\/jpeg"}],"author":"Cicerone CM","twitter_card":"summary_large_image","twitter_misc":{"Written by":"Cicerone CM","Est. reading time":"3 minutes"},"schema":{"@context":"https:\/\/schema.org","@graph":[{"@type":["Article","BlogPosting"],"@id":"https:\/\/www.ciceronegranada.com\/en\/blog\/parador-san-francisco-alhambra\/#article","isPartOf":{"@id":"https:\/\/www.ciceronegranada.com\/en\/blog\/parador-san-francisco-alhambra\/"},"author":{"name":"Cicerone CM","@id":"https:\/\/www.ciceronegranada.com\/en\/#\/schema\/person\/42bce85e3bf83696c1c62f63a303f34f"},"headline":"San Francisco Parador, a convent in the Nasrid heart of the Alhambra","datePublished":"2015-05-04T22:00:00+00:00","dateModified":"2021-08-25T07:00:04+00:00","mainEntityOfPage":{"@id":"https:\/\/www.ciceronegranada.com\/en\/blog\/parador-san-francisco-alhambra\/"},"wordCount":413,"publisher":{"@id":"https:\/\/www.ciceronegranada.com\/en\/#organization"},"image":{"@id":"https:\/\/www.ciceronegranada.com\/en\/blog\/parador-san-francisco-alhambra\/#primaryimage"},"thumbnailUrl":"https:\/\/www.ciceronegranada.com\/wp-content\/uploads\/2015\/05\/ConventoSAnFranciscoParador-1-1.jpg?wsr","articleSection":["Alhambra"],"inLanguage":"en-US"},{"@type":"WebPage","@id":"https:\/\/www.ciceronegranada.com\/en\/blog\/parador-san-francisco-alhambra\/","url":"https:\/\/www.ciceronegranada.com\/en\/blog\/parador-san-francisco-alhambra\/","name":"Parador de San Francisco | A convent in the heart of the Alhambra","isPartOf":{"@id":"https:\/\/www.ciceronegranada.com\/en\/#website"},"primaryImageOfPage":{"@id":"https:\/\/www.ciceronegranada.com\/en\/blog\/parador-san-francisco-alhambra\/#primaryimage"},"image":{"@id":"https:\/\/www.ciceronegranada.com\/en\/blog\/parador-san-francisco-alhambra\/#primaryimage"},"thumbnailUrl":"https:\/\/www.ciceronegranada.com\/wp-content\/uploads\/2015\/05\/ConventoSAnFranciscoParador-1-1.jpg?wsr","datePublished":"2015-05-04T22:00:00+00:00","dateModified":"2021-08-25T07:00:04+00:00","description":"The Parador de San Francisco, located in what was a convent constructed by the Catholic Monarchs in 1493 on a Nasrid palace, the Palacio de los infantes.","breadcrumb":{"@id":"https:\/\/www.ciceronegranada.com\/en\/blog\/parador-san-francisco-alhambra\/#breadcrumb"},"inLanguage":"en-US","potentialAction":[{"@type":"ReadAction","target":["https:\/\/www.ciceronegranada.com\/en\/blog\/parador-san-francisco-alhambra\/"]}]},{"@type":"ImageObject","inLanguage":"en-US","@id":"https:\/\/www.ciceronegranada.com\/en\/blog\/parador-san-francisco-alhambra\/#primaryimage","url":"https:\/\/www.ciceronegranada.com\/wp-content\/uploads\/2015\/05\/ConventoSAnFranciscoParador-1-1.jpg?wsr","contentUrl":"https:\/\/www.ciceronegranada.com\/wp-content\/uploads\/2015\/05\/ConventoSAnFranciscoParador-1-1.jpg?wsr","width":1500,"height":1031,"caption":"ConventoSAnFranciscoParador 1 1"},{"@type":"BreadcrumbList","@id":"https:\/\/www.ciceronegranada.com\/en\/blog\/parador-san-francisco-alhambra\/#breadcrumb","itemListElement":[{"@type":"ListItem","position":1,"name":"Home","item":"https:\/\/www.ciceronegranada.com\/en\/"},{"@type":"ListItem","position":2,"name":"San Francisco Parador, a convent in the Nasrid heart of the Alhambra"}]},{"@type":"WebSite","@id":"https:\/\/www.ciceronegranada.com\/en\/#website","url":"https:\/\/www.ciceronegranada.com\/en\/","name":"Visitas guiadas Granada y Alhambra | Gu\u00edas locales expertos","description":"Visitas guiadas de Granada o la Alhambra con gu\u00edas locales expertos. Tours privados o en grupos reducidos para que no te pierdas ning\u00fan rinc\u00f3n de la ciudad.","publisher":{"@id":"https:\/\/www.ciceronegranada.com\/en\/#organization"},"alternateName":"Visitas guiadas Granada y Alhambra | Cicerone Granada","potentialAction":[{"@type":"SearchAction","target":{"@type":"EntryPoint","urlTemplate":"https:\/\/www.ciceronegranada.com\/en\/?s={search_term_string}"},"query-input":{"@type":"PropertyValueSpecification","valueRequired":true,"valueName":"search_term_string"}}],"inLanguage":"en-US"},{"@type":"Organization","@id":"https:\/\/www.ciceronegranada.com\/en\/#organization","name":"CiceroneGranada","url":"https:\/\/www.ciceronegranada.com\/en\/","logo":{"@type":"ImageObject","inLanguage":"en-US","@id":"https:\/\/www.ciceronegranada.com\/en\/#\/schema\/logo\/image\/","url":"https:\/\/www.ciceronegranada.com\/wp-content\/uploads\/2022\/09\/logo-cicerone-2022-black.png","contentUrl":"https:\/\/www.ciceronegranada.com\/wp-content\/uploads\/2022\/09\/logo-cicerone-2022-black.png","width":1042,"height":217,"caption":"CiceroneGranada"},"image":{"@id":"https:\/\/www.ciceronegranada.com\/en\/#\/schema\/logo\/image\/"}},{"@type":"Person","@id":"https:\/\/www.ciceronegranada.com\/en\/#\/schema\/person\/42bce85e3bf83696c1c62f63a303f34f","name":"Cicerone CM","image":{"@type":"ImageObject","inLanguage":"en-US","@id":"https:\/\/www.ciceronegranada.com\/en\/#\/schema\/person\/image\/","url":"https:\/\/secure.gravatar.com\/avatar\/1d2f109eddb7359d7da263c2ca5f3ad2?s=96&d=mm&r=g","contentUrl":"https:\/\/secure.gravatar.com\/avatar\/1d2f109eddb7359d7da263c2ca5f3ad2?s=96&d=mm&r=g","caption":"Cicerone CM"},"sameAs":["https:\/\/www.ciceronegranada.com"]}]}},"_links":{"self":[{"href":"https:\/\/www.ciceronegranada.com\/en\/wp-json\/wp\/v2\/posts\/357"}],"collection":[{"href":"https:\/\/www.ciceronegranada.com\/en\/wp-json\/wp\/v2\/posts"}],"about":[{"href":"https:\/\/www.ciceronegranada.com\/en\/wp-json\/wp\/v2\/types\/post"}],"author":[{"embeddable":true,"href":"https:\/\/www.ciceronegranada.com\/en\/wp-json\/wp\/v2\/users\/3"}],"replies":[{"embeddable":true,"href":"https:\/\/www.ciceronegranada.com\/en\/wp-json\/wp\/v2\/comments?post=357"}],"version-history":[{"count":10,"href":"https:\/\/www.ciceronegranada.com\/en\/wp-json\/wp\/v2\/posts\/357\/revisions"}],"predecessor-version":[{"id":9377,"href":"https:\/\/www.ciceronegranada.com\/en\/wp-json\/wp\/v2\/posts\/357\/revisions\/9377"}],"wp:featuredmedia":[{"embeddable":true,"href":"https:\/\/www.ciceronegranada.com\/en\/wp-json\/wp\/v2\/media\/2475"}],"wp:attachment":[{"href":"https:\/\/www.ciceronegranada.com\/en\/wp-json\/wp\/v2\/media?parent=357"}],"wp:term":[{"taxonomy":"category","embeddable":true,"href":"https:\/\/www.ciceronegranada.com\/en\/wp-json\/wp\/v2\/categories?post=357"},{"taxonomy":"post_tag","embeddable":true,"href":"https:\/\/www.ciceronegranada.com\/en\/wp-json\/wp\/v2\/tags?post=357"}],"curies":[{"name":"wp","href":"https:\/\/api.w.org\/{rel}","templated":true}]}}