{"id":326,"date":"2019-05-23T00:00:00","date_gmt":"2019-05-22T22:00:00","guid":{"rendered":"https:\/\/www.ciceronegranada.com\/cementery-of-san-jose-in-granada-a-summer-plan\/"},"modified":"2021-09-09T09:49:40","modified_gmt":"2021-09-09T07:49:40","slug":"cementery-of-san-jose-in-granada-a-summer-plan","status":"publish","type":"post","link":"https:\/\/www.ciceronegranada.com\/en\/blog\/cemetery-of-san-jose-in-granada-a-summer-plan\/","title":{"rendered":"Cemetery of San Jos\u00e9 in Granada a Summer plan"},"content":{"rendered":"<p>A wander around the Cemetery of San Jos\u00e9 in Granada could be the <strong>perfect idea<\/strong> for a summer\u2019s day. A visit to this peaceful spot where you can take in the views of Granada from one of its viewpoints.<\/p>\n<p><strong>The Cemetery of San Jos\u00e9 in Granada<\/strong> is of great historical significance as it\u2019s the <strong>second oldest cemetery in Spain<\/strong>, dating back to 1805. However, it has adapted to the population and its needs by way of expansions and refurbishments over the years. In the surrounding area, you can find the tombs of <strong>some figures who have been of importance<\/strong> to the city of Granada, including <a href=\"https:\/\/en.wikipedia.org\/wiki\/Enrique_Morente\" target=\"_blank\" rel=\"noopener noreferrer\">Enrique Morente<\/a>, Gallego Bur\u00edn, <a href=\"https:\/\/en.wikipedia.org\/wiki\/%C3%81ngel_Ganivet\" target=\"_blank\" rel=\"noopener noreferrer\">\u00c1ngel Ganivet<\/a>, <a href=\"https:\/\/en.wikipedia.org\/wiki\/Emilio_Herrera_Linares\" target=\"_blank\" rel=\"noopener noreferrer\">Emilio Herrera <\/a>or Jos\u00e9 Mar\u00eda Rodr\u00edguez Acosta.<\/p>\n<p>In the interior, you can admire different examples of funerary art from the 19<sup>th<\/sup>, 20<sup>th<\/sup> and 21<sup>st<\/sup> centuries. An example of this is the old <strong>Neo-Romanesque chapel<\/strong> in the Patio de la Ermita (where there are also remains of the Nasrid Palace) or the <strong>Espacio Memoria de Granada.<\/strong> Some of these sculptures, vaults and other works of art are made by artists from our beloved city.<\/p>\n<p>This photo illustrates the <a href=\"https:\/\/www.emucesa.es\/concurso-cementerio\/\">photography competitions in the Cemetery of San Jos\u00e9<\/a> in Granada.<\/p>\n<p>Discover in this post, all the <a href=\"https:\/\/www.ciceronegranada.com\/en\/what-see-granada\/\">things to do in Granada<\/a>.<\/p>\n<p><a href=\"https:\/\/www.ciceronegranada.com\/wp-content\/uploads\/2018\/07\/cementerio-juan_ramoun_martiun_catoira_majpg.jpg\" target=\"_blank\" rel=\"noopener noreferrer\"><img fetchpriority=\"high\" decoding=\"async\" class=\"alignleft wp-image-7522 size-full\" src=\"https:\/\/www.ciceronegranada.com\/wp-content\/uploads\/2018\/07\/cementerio-juan_ramoun_martiun_catoira_majpg.jpg\" alt=\"Cementery of San Jos\u00e9 in Granada - concurso fotograf\u00eda\" width=\"700\" height=\"525\" \/><\/a><\/p>\n<p>The Cemetery of San Jos\u00e9 forms part of the <a href=\"https:\/\/www.ciceronegranada.com\/en\/what-see-granada\/alhambra-generalife\/\" target=\"_blank\" rel=\"noopener noreferrer\"><strong>Alhambra<\/strong><strong> historic complex<\/strong><\/a>, as it\u2019s located in the Dehesa del <a href=\"https:\/\/www.ciceronegranada.com\/en\/what-see-granada\/alhambra-generalife\/\" target=\"_blank\" rel=\"noopener noreferrer\">Generalife<\/a> (Generalife meadow). It\u2019s also close to another more well-known monument known as <a href=\"https:\/\/es.wikipedia.org\/wiki\/Silla_del_Moro\">the Silla del Moro<\/a>. However, the cemetery in Granada doesn\u2019t tend to be as well-known as other monuments, nor is it included in the itineraries of those who come to visit Granada.<\/p>\n<p>We\u2019d recommend a <a href=\"http:\/\/granadaatraves.com\/rutas\/paseo-guiado-al-cementerio-monumental-e-historico-de-granada\/\"><strong>visit to this cemetery<\/strong><\/a> in the hands of experts like Vanessa, who can guide you on a journey though time, in particular the night time visits which only take place during summer.<\/p>\n<p><iframe src=\"https:\/\/www.youtube.com\/embed\/8qmgruS9dHM\" width=\"560\" height=\"315\" frameborder=\"0\" allowfullscreen=\"allowfullscreen\"><span data-mce-type=\"bookmark\" style=\"display: inline-block; width: 0px; overflow: hidden; line-height: 0;\" class=\"mce_SELRES_start\">\ufeff<\/span><span data-mce-type=\"bookmark\" style=\"display: inline-block; width: 0px; overflow: hidden; line-height: 0;\" class=\"mce_SELRES_start\">\ufeff<\/span><\/iframe><\/p>\n","protected":false},"excerpt":{"rendered":"<p>A wander around the Cemetery of San Jos\u00e9 in Granada could be the perfect idea for a summer\u2019s day. A visit to this peaceful spot where you can take in the views of Granada from one of its viewpoints. The Cemetery of San Jos\u00e9 in Granada is of great historical significance as it\u2019s the second [&hellip;]<\/p>\n","protected":false},"author":3,"featured_media":2159,"comment_status":"closed","ping_status":"closed","sticky":false,"template":"","format":"standard","meta":{"content-type":"","footnotes":""},"categories":[315],"tags":[],"yoast_head":"<!-- This site is optimized with the Yoast SEO plugin v24.5 - https:\/\/yoast.com\/wordpress\/plugins\/seo\/ -->\n<title>Cemetery of San Jos\u00e9 in Granada a Summer plan<\/title>\n<meta name=\"description\" content=\"A wander around the Cemetery of San Jos\u00e9 in Granada, the perfect idea for a summer\u2019s day. A visit where you can take in the views of Granada.\" \/>\n<meta name=\"robots\" content=\"index, follow, max-snippet:-1, max-image-preview:large, max-video-preview:-1\" \/>\n<link rel=\"canonical\" href=\"https:\/\/www.ciceronegranada.com\/en\/blog\/cemetery-of-san-jose-in-granada-a-summer-plan\/\" \/>\n<meta property=\"og:locale\" content=\"en_US\" \/>\n<meta property=\"og:type\" content=\"article\" \/>\n<meta property=\"og:title\" content=\"Cemetery of San Jos\u00e9 in Granada a Summer plan\" \/>\n<meta property=\"og:description\" content=\"A wander around the Cemetery of San Jos\u00e9 in Granada, the perfect idea for a summer\u2019s day. A visit where you can take in the views of Granada.\" \/>\n<meta property=\"og:url\" content=\"https:\/\/www.ciceronegranada.com\/en\/blog\/cemetery-of-san-jose-in-granada-a-summer-plan\/\" \/>\n<meta property=\"og:site_name\" content=\"Visitas guiadas Granada y Alhambra | Gu\u00edas locales expertos\" \/>\n<meta property=\"article:published_time\" content=\"2019-05-22T22:00:00+00:00\" \/>\n<meta property=\"article:modified_time\" content=\"2021-09-09T07:49:40+00:00\" \/>\n<meta property=\"og:image\" content=\"https:\/\/www.ciceronegranada.com\/wp-content\/uploads\/2018\/07\/cementerio-juan_ramoun_martiun_catoira_majpg-1.jpg\" \/>\n\t<meta property=\"og:image:width\" content=\"700\" \/>\n\t<meta property=\"og:image:height\" content=\"525\" \/>\n\t<meta property=\"og:image:type\" content=\"image\/jpeg\" \/>\n<meta name=\"author\" content=\"Cicerone CM\" \/>\n<meta name=\"twitter:card\" content=\"summary_large_image\" \/>\n<meta name=\"twitter:label1\" content=\"Written by\" \/>\n\t<meta name=\"twitter:data1\" content=\"Cicerone CM\" \/>\n\t<meta name=\"twitter:label2\" content=\"Est. reading time\" \/>\n\t<meta name=\"twitter:data2\" content=\"2 minutes\" \/>\n<script type=\"application\/ld+json\" class=\"yoast-schema-graph\">{\"@context\":\"https:\/\/schema.org\",\"@graph\":[{\"@type\":[\"Article\",\"BlogPosting\"],\"@id\":\"https:\/\/www.ciceronegranada.com\/en\/blog\/cemetery-of-san-jose-in-granada-a-summer-plan\/#article\",\"isPartOf\":{\"@id\":\"https:\/\/www.ciceronegranada.com\/en\/blog\/cemetery-of-san-jose-in-granada-a-summer-plan\/\"},\"author\":{\"name\":\"Cicerone CM\",\"@id\":\"https:\/\/www.ciceronegranada.com\/en\/#\/schema\/person\/42bce85e3bf83696c1c62f63a303f34f\"},\"headline\":\"Cemetery of San Jos\u00e9 in Granada a Summer plan\",\"datePublished\":\"2019-05-22T22:00:00+00:00\",\"dateModified\":\"2021-09-09T07:49:40+00:00\",\"mainEntityOfPage\":{\"@id\":\"https:\/\/www.ciceronegranada.com\/en\/blog\/cemetery-of-san-jose-in-granada-a-summer-plan\/\"},\"wordCount\":325,\"publisher\":{\"@id\":\"https:\/\/www.ciceronegranada.com\/en\/#organization\"},\"image\":{\"@id\":\"https:\/\/www.ciceronegranada.com\/en\/blog\/cemetery-of-san-jose-in-granada-a-summer-plan\/#primaryimage\"},\"thumbnailUrl\":\"https:\/\/www.ciceronegranada.com\/wp-content\/uploads\/2018\/07\/cementerio-juan_ramoun_martiun_catoira_majpg-1.jpg?wsr\",\"articleSection\":[\"Granada\"],\"inLanguage\":\"en-US\"},{\"@type\":\"WebPage\",\"@id\":\"https:\/\/www.ciceronegranada.com\/en\/blog\/cemetery-of-san-jose-in-granada-a-summer-plan\/\",\"url\":\"https:\/\/www.ciceronegranada.com\/en\/blog\/cemetery-of-san-jose-in-granada-a-summer-plan\/\",\"name\":\"Cemetery of San Jos\u00e9 in Granada a Summer plan\",\"isPartOf\":{\"@id\":\"https:\/\/www.ciceronegranada.com\/en\/#website\"},\"primaryImageOfPage\":{\"@id\":\"https:\/\/www.ciceronegranada.com\/en\/blog\/cemetery-of-san-jose-in-granada-a-summer-plan\/#primaryimage\"},\"image\":{\"@id\":\"https:\/\/www.ciceronegranada.com\/en\/blog\/cemetery-of-san-jose-in-granada-a-summer-plan\/#primaryimage\"},\"thumbnailUrl\":\"https:\/\/www.ciceronegranada.com\/wp-content\/uploads\/2018\/07\/cementerio-juan_ramoun_martiun_catoira_majpg-1.jpg?wsr\",\"datePublished\":\"2019-05-22T22:00:00+00:00\",\"dateModified\":\"2021-09-09T07:49:40+00:00\",\"description\":\"A wander around the Cemetery of San Jos\u00e9 in Granada, the perfect idea for a summer\u2019s day. A visit where you can take in the views of Granada.\",\"breadcrumb\":{\"@id\":\"https:\/\/www.ciceronegranada.com\/en\/blog\/cemetery-of-san-jose-in-granada-a-summer-plan\/#breadcrumb\"},\"inLanguage\":\"en-US\",\"potentialAction\":[{\"@type\":\"ReadAction\",\"target\":[\"https:\/\/www.ciceronegranada.com\/en\/blog\/cemetery-of-san-jose-in-granada-a-summer-plan\/\"]}]},{\"@type\":\"ImageObject\",\"inLanguage\":\"en-US\",\"@id\":\"https:\/\/www.ciceronegranada.com\/en\/blog\/cemetery-of-san-jose-in-granada-a-summer-plan\/#primaryimage\",\"url\":\"https:\/\/www.ciceronegranada.com\/wp-content\/uploads\/2018\/07\/cementerio-juan_ramoun_martiun_catoira_majpg-1.jpg?wsr\",\"contentUrl\":\"https:\/\/www.ciceronegranada.com\/wp-content\/uploads\/2018\/07\/cementerio-juan_ramoun_martiun_catoira_majpg-1.jpg?wsr\",\"width\":700,\"height\":525,\"caption\":\"cementerio juan ramoun martiun catoira majpg 1\"},{\"@type\":\"BreadcrumbList\",\"@id\":\"https:\/\/www.ciceronegranada.com\/en\/blog\/cemetery-of-san-jose-in-granada-a-summer-plan\/#breadcrumb\",\"itemListElement\":[{\"@type\":\"ListItem\",\"position\":1,\"name\":\"Home\",\"item\":\"https:\/\/www.ciceronegranada.com\/en\/\"},{\"@type\":\"ListItem\",\"position\":2,\"name\":\"Cemetery of San Jos\u00e9 in Granada a Summer plan\"}]},{\"@type\":\"WebSite\",\"@id\":\"https:\/\/www.ciceronegranada.com\/en\/#website\",\"url\":\"https:\/\/www.ciceronegranada.com\/en\/\",\"name\":\"Visitas guiadas Granada y Alhambra | Gu\u00edas locales expertos\",\"description\":\"Visitas guiadas de Granada o la Alhambra con gu\u00edas locales expertos. Tours privados o en grupos reducidos para que no te pierdas ning\u00fan rinc\u00f3n de la ciudad.\",\"publisher\":{\"@id\":\"https:\/\/www.ciceronegranada.com\/en\/#organization\"},\"alternateName\":\"Visitas guiadas Granada y Alhambra | Cicerone Granada\",\"potentialAction\":[{\"@type\":\"SearchAction\",\"target\":{\"@type\":\"EntryPoint\",\"urlTemplate\":\"https:\/\/www.ciceronegranada.com\/en\/?s={search_term_string}\"},\"query-input\":{\"@type\":\"PropertyValueSpecification\",\"valueRequired\":true,\"valueName\":\"search_term_string\"}}],\"inLanguage\":\"en-US\"},{\"@type\":\"Organization\",\"@id\":\"https:\/\/www.ciceronegranada.com\/en\/#organization\",\"name\":\"CiceroneGranada\",\"url\":\"https:\/\/www.ciceronegranada.com\/en\/\",\"logo\":{\"@type\":\"ImageObject\",\"inLanguage\":\"en-US\",\"@id\":\"https:\/\/www.ciceronegranada.com\/en\/#\/schema\/logo\/image\/\",\"url\":\"https:\/\/www.ciceronegranada.com\/wp-content\/uploads\/2022\/09\/logo-cicerone-2022-black.png\",\"contentUrl\":\"https:\/\/www.ciceronegranada.com\/wp-content\/uploads\/2022\/09\/logo-cicerone-2022-black.png\",\"width\":1042,\"height\":217,\"caption\":\"CiceroneGranada\"},\"image\":{\"@id\":\"https:\/\/www.ciceronegranada.com\/en\/#\/schema\/logo\/image\/\"}},{\"@type\":\"Person\",\"@id\":\"https:\/\/www.ciceronegranada.com\/en\/#\/schema\/person\/42bce85e3bf83696c1c62f63a303f34f\",\"name\":\"Cicerone CM\",\"image\":{\"@type\":\"ImageObject\",\"inLanguage\":\"en-US\",\"@id\":\"https:\/\/www.ciceronegranada.com\/en\/#\/schema\/person\/image\/\",\"url\":\"https:\/\/secure.gravatar.com\/avatar\/1d2f109eddb7359d7da263c2ca5f3ad2?s=96&d=mm&r=g\",\"contentUrl\":\"https:\/\/secure.gravatar.com\/avatar\/1d2f109eddb7359d7da263c2ca5f3ad2?s=96&d=mm&r=g\",\"caption\":\"Cicerone CM\"},\"sameAs\":[\"https:\/\/www.ciceronegranada.com\"]}]}<\/script>\n<!-- \/ Yoast SEO plugin. -->","yoast_head_json":{"title":"Cemetery of San Jos\u00e9 in Granada a Summer plan","description":"A wander around the Cemetery of San Jos\u00e9 in Granada, the perfect idea for a summer\u2019s day. A visit where you can take in the views of Granada.","robots":{"index":"index","follow":"follow","max-snippet":"max-snippet:-1","max-image-preview":"max-image-preview:large","max-video-preview":"max-video-preview:-1"},"canonical":"https:\/\/www.ciceronegranada.com\/en\/blog\/cemetery-of-san-jose-in-granada-a-summer-plan\/","og_locale":"en_US","og_type":"article","og_title":"Cemetery of San Jos\u00e9 in Granada a Summer plan","og_description":"A wander around the Cemetery of San Jos\u00e9 in Granada, the perfect idea for a summer\u2019s day. A visit where you can take in the views of Granada.","og_url":"https:\/\/www.ciceronegranada.com\/en\/blog\/cemetery-of-san-jose-in-granada-a-summer-plan\/","og_site_name":"Visitas guiadas Granada y Alhambra | Gu\u00edas locales expertos","article_published_time":"2019-05-22T22:00:00+00:00","article_modified_time":"2021-09-09T07:49:40+00:00","og_image":[{"width":700,"height":525,"url":"https:\/\/www.ciceronegranada.com\/wp-content\/uploads\/2018\/07\/cementerio-juan_ramoun_martiun_catoira_majpg-1.jpg","type":"image\/jpeg"}],"author":"Cicerone CM","twitter_card":"summary_large_image","twitter_misc":{"Written by":"Cicerone CM","Est. reading time":"2 minutes"},"schema":{"@context":"https:\/\/schema.org","@graph":[{"@type":["Article","BlogPosting"],"@id":"https:\/\/www.ciceronegranada.com\/en\/blog\/cemetery-of-san-jose-in-granada-a-summer-plan\/#article","isPartOf":{"@id":"https:\/\/www.ciceronegranada.com\/en\/blog\/cemetery-of-san-jose-in-granada-a-summer-plan\/"},"author":{"name":"Cicerone CM","@id":"https:\/\/www.ciceronegranada.com\/en\/#\/schema\/person\/42bce85e3bf83696c1c62f63a303f34f"},"headline":"Cemetery of San Jos\u00e9 in Granada a Summer plan","datePublished":"2019-05-22T22:00:00+00:00","dateModified":"2021-09-09T07:49:40+00:00","mainEntityOfPage":{"@id":"https:\/\/www.ciceronegranada.com\/en\/blog\/cemetery-of-san-jose-in-granada-a-summer-plan\/"},"wordCount":325,"publisher":{"@id":"https:\/\/www.ciceronegranada.com\/en\/#organization"},"image":{"@id":"https:\/\/www.ciceronegranada.com\/en\/blog\/cemetery-of-san-jose-in-granada-a-summer-plan\/#primaryimage"},"thumbnailUrl":"https:\/\/www.ciceronegranada.com\/wp-content\/uploads\/2018\/07\/cementerio-juan_ramoun_martiun_catoira_majpg-1.jpg?wsr","articleSection":["Granada"],"inLanguage":"en-US"},{"@type":"WebPage","@id":"https:\/\/www.ciceronegranada.com\/en\/blog\/cemetery-of-san-jose-in-granada-a-summer-plan\/","url":"https:\/\/www.ciceronegranada.com\/en\/blog\/cemetery-of-san-jose-in-granada-a-summer-plan\/","name":"Cemetery of San Jos\u00e9 in Granada a Summer plan","isPartOf":{"@id":"https:\/\/www.ciceronegranada.com\/en\/#website"},"primaryImageOfPage":{"@id":"https:\/\/www.ciceronegranada.com\/en\/blog\/cemetery-of-san-jose-in-granada-a-summer-plan\/#primaryimage"},"image":{"@id":"https:\/\/www.ciceronegranada.com\/en\/blog\/cemetery-of-san-jose-in-granada-a-summer-plan\/#primaryimage"},"thumbnailUrl":"https:\/\/www.ciceronegranada.com\/wp-content\/uploads\/2018\/07\/cementerio-juan_ramoun_martiun_catoira_majpg-1.jpg?wsr","datePublished":"2019-05-22T22:00:00+00:00","dateModified":"2021-09-09T07:49:40+00:00","description":"A wander around the Cemetery of San Jos\u00e9 in Granada, the perfect idea for a summer\u2019s day. A visit where you can take in the views of Granada.","breadcrumb":{"@id":"https:\/\/www.ciceronegranada.com\/en\/blog\/cemetery-of-san-jose-in-granada-a-summer-plan\/#breadcrumb"},"inLanguage":"en-US","potentialAction":[{"@type":"ReadAction","target":["https:\/\/www.ciceronegranada.com\/en\/blog\/cemetery-of-san-jose-in-granada-a-summer-plan\/"]}]},{"@type":"ImageObject","inLanguage":"en-US","@id":"https:\/\/www.ciceronegranada.com\/en\/blog\/cemetery-of-san-jose-in-granada-a-summer-plan\/#primaryimage","url":"https:\/\/www.ciceronegranada.com\/wp-content\/uploads\/2018\/07\/cementerio-juan_ramoun_martiun_catoira_majpg-1.jpg?wsr","contentUrl":"https:\/\/www.ciceronegranada.com\/wp-content\/uploads\/2018\/07\/cementerio-juan_ramoun_martiun_catoira_majpg-1.jpg?wsr","width":700,"height":525,"caption":"cementerio juan ramoun martiun catoira majpg 1"},{"@type":"BreadcrumbList","@id":"https:\/\/www.ciceronegranada.com\/en\/blog\/cemetery-of-san-jose-in-granada-a-summer-plan\/#breadcrumb","itemListElement":[{"@type":"ListItem","position":1,"name":"Home","item":"https:\/\/www.ciceronegranada.com\/en\/"},{"@type":"ListItem","position":2,"name":"Cemetery of San Jos\u00e9 in Granada a Summer plan"}]},{"@type":"WebSite","@id":"https:\/\/www.ciceronegranada.com\/en\/#website","url":"https:\/\/www.ciceronegranada.com\/en\/","name":"Visitas guiadas Granada y Alhambra | Gu\u00edas locales expertos","description":"Visitas guiadas de Granada o la Alhambra con gu\u00edas locales expertos. Tours privados o en grupos reducidos para que no te pierdas ning\u00fan rinc\u00f3n de la ciudad.","publisher":{"@id":"https:\/\/www.ciceronegranada.com\/en\/#organization"},"alternateName":"Visitas guiadas Granada y Alhambra | Cicerone Granada","potentialAction":[{"@type":"SearchAction","target":{"@type":"EntryPoint","urlTemplate":"https:\/\/www.ciceronegranada.com\/en\/?s={search_term_string}"},"query-input":{"@type":"PropertyValueSpecification","valueRequired":true,"valueName":"search_term_string"}}],"inLanguage":"en-US"},{"@type":"Organization","@id":"https:\/\/www.ciceronegranada.com\/en\/#organization","name":"CiceroneGranada","url":"https:\/\/www.ciceronegranada.com\/en\/","logo":{"@type":"ImageObject","inLanguage":"en-US","@id":"https:\/\/www.ciceronegranada.com\/en\/#\/schema\/logo\/image\/","url":"https:\/\/www.ciceronegranada.com\/wp-content\/uploads\/2022\/09\/logo-cicerone-2022-black.png","contentUrl":"https:\/\/www.ciceronegranada.com\/wp-content\/uploads\/2022\/09\/logo-cicerone-2022-black.png","width":1042,"height":217,"caption":"CiceroneGranada"},"image":{"@id":"https:\/\/www.ciceronegranada.com\/en\/#\/schema\/logo\/image\/"}},{"@type":"Person","@id":"https:\/\/www.ciceronegranada.com\/en\/#\/schema\/person\/42bce85e3bf83696c1c62f63a303f34f","name":"Cicerone CM","image":{"@type":"ImageObject","inLanguage":"en-US","@id":"https:\/\/www.ciceronegranada.com\/en\/#\/schema\/person\/image\/","url":"https:\/\/secure.gravatar.com\/avatar\/1d2f109eddb7359d7da263c2ca5f3ad2?s=96&d=mm&r=g","contentUrl":"https:\/\/secure.gravatar.com\/avatar\/1d2f109eddb7359d7da263c2ca5f3ad2?s=96&d=mm&r=g","caption":"Cicerone CM"},"sameAs":["https:\/\/www.ciceronegranada.com"]}]}},"_links":{"self":[{"href":"https:\/\/www.ciceronegranada.com\/en\/wp-json\/wp\/v2\/posts\/326"}],"collection":[{"href":"https:\/\/www.ciceronegranada.com\/en\/wp-json\/wp\/v2\/posts"}],"about":[{"href":"https:\/\/www.ciceronegranada.com\/en\/wp-json\/wp\/v2\/types\/post"}],"author":[{"embeddable":true,"href":"https:\/\/www.ciceronegranada.com\/en\/wp-json\/wp\/v2\/users\/3"}],"replies":[{"embeddable":true,"href":"https:\/\/www.ciceronegranada.com\/en\/wp-json\/wp\/v2\/comments?post=326"}],"version-history":[{"count":10,"href":"https:\/\/www.ciceronegranada.com\/en\/wp-json\/wp\/v2\/posts\/326\/revisions"}],"predecessor-version":[{"id":9690,"href":"https:\/\/www.ciceronegranada.com\/en\/wp-json\/wp\/v2\/posts\/326\/revisions\/9690"}],"wp:featuredmedia":[{"embeddable":true,"href":"https:\/\/www.ciceronegranada.com\/en\/wp-json\/wp\/v2\/media\/2159"}],"wp:attachment":[{"href":"https:\/\/www.ciceronegranada.com\/en\/wp-json\/wp\/v2\/media?parent=326"}],"wp:term":[{"taxonomy":"category","embeddable":true,"href":"https:\/\/www.ciceronegranada.com\/en\/wp-json\/wp\/v2\/categories?post=326"},{"taxonomy":"post_tag","embeddable":true,"href":"https:\/\/www.ciceronegranada.com\/en\/wp-json\/wp\/v2\/tags?post=326"}],"curies":[{"name":"wp","href":"https:\/\/api.w.org\/{rel}","templated":true}]}}