{"id":301,"date":"2017-12-22T00:00:00","date_gmt":"2017-12-21T23:00:00","guid":{"rendered":"https:\/\/www.ciceronegranada.com\/2017-year-to-remember-in-cicerone\/"},"modified":"2023-07-24T22:35:21","modified_gmt":"2023-07-24T20:35:21","slug":"2017-year-to-remember-in-cicerone","status":"publish","type":"post","link":"https:\/\/www.ciceronegranada.com\/en\/blog\/2017-year-to-remember-in-cicerone\/","title":{"rendered":"2017 A year to remember in Cicerone"},"content":{"rendered":"<p>We\u2019re getting to the end of 2017 and at <strong>CICERONE<\/strong> we\u2019re very satisfied with what\u2019s been accomplished this year.<\/p>\n<p>At the start of the year an important part of our history came to a close, moving from the \u201c<strong>PuntoEncuentro-MeetingPoint<\/strong>\u201d Kiosk Ciceronegranada located in Plaza Bib-Rambla that had been our Customer Care Point for 9 years in order to move into a wonderful shop in Calle San Jer\u00f3nimo 10, a few metres from the Catedral de Granada and less than 500 metres from the old meeting point.<\/p>\n<p><img fetchpriority=\"high\" decoding=\"async\" class=\"alignnone wp-image-6413 size-medium\" src=\"https:\/\/www.ciceronegranada.com\/wp-content\/uploads\/2017\/12\/DSC1722-300x200.jpg\" alt=\"Cicerone Tienda\" width=\"300\" height=\"200\" \/><img decoding=\"async\" class=\"alignnone wp-image-5901 size-medium\" src=\"https:\/\/www.ciceronegranada.com\/wp-content\/uploads\/2016\/01\/Cicerone-san-jeronimo-atencion-cliente-300x199.jpg\" alt=\"Centro atenci\u00f3n al cliente - Tienda Cicerone\" width=\"300\" height=\"199\" \/><\/p>\n<p>The Customer Care-Ciceronegranada Shop <strong>move<\/strong> in March to Calle San Jer\u00f3nimo represents a big step. Coinciding with the move, CICERONE almost <strong>doubled its <a href=\"https:\/\/www.ciceronegranada.com\/en\/aboutus\/cicerone-team\/\">team<\/a><\/strong>, nearly doubling its departments:<\/p>\n<p>So, adding to the previous team of 5 <strong>guides<\/strong> (<a href=\"https:\/\/www.ciceronegranada.com\/en\/aboutus\/cicerone-team\/sofia-serrano\/\">Sof\u00eda<\/a>, <a href=\"https:\/\/www.ciceronegranada.com\/en\/aboutus\/cicerone-team\/estefania-rodriguez\/\">Estefan\u00eda<\/a>, <a href=\"https:\/\/www.ciceronegranada.com\/en\/aboutus\/cicerone-team\/juan-jimeno\/\">Juan<\/a>, <a href=\"https:\/\/www.ciceronegranada.com\/en\/aboutus\/cicerone-team\/beatriz-lopez\/\">Beatriz<\/a> and <a href=\"https:\/\/www.ciceronegranada.com\/en\/aboutus\/cicerone-team\/violeta-mut\/\">Violeta<\/a>) at the start of the year, <a href=\"https:\/\/www.ciceronegranada.com\/en\/aboutus\/cicerone-team\/mar-hurtado\/\">Mar<\/a>, <a href=\"https:\/\/www.ciceronegranada.com\/en\/aboutus\/cicerone-team\/lucia-caparros\/\">Luc\u00eda<\/a> and <a href=\"https:\/\/www.ciceronegranada.com\/en\/aboutus\/cicerone-team\/juancho-fernandez\/\">Juancho<\/a> joined us.<\/p>\n<p>To the <strong>Customer Care<\/strong> department, during 2017 <a href=\"https:\/\/www.ciceronegranada.com\/en\/aboutus\/cicerone-team\/sandra-revilla\/\">Sandra<\/a> and <a href=\"https:\/\/www.ciceronegranada.com\/en\/aboutus\/cicerone-team\/laura-ruano\/\">Laura<\/a> have been added<\/p>\n<p>In the <strong>Digital Marketing<\/strong> department, Alejandra has come in to help <a href=\"https:\/\/www.ciceronegranada.com\/en\/aboutus\/cicerone-team\/ana-lozano\/\">Ana<\/a> with the work.<\/p>\n<p>For managing <strong>bookings<\/strong>, <a href=\"https:\/\/www.ciceronegranada.com\/en\/aboutus\/cicerone-team\/lorena-gomez-zapata\/\">Lorena<\/a> joined us to do important work tackling the Commercialisation Department that last year <a href=\"https:\/\/www.ciceronegranada.com\/en\/aboutus\/cicerone-team\/carolina-lopez\/\">Carolina<\/a> ran basically by herself.<\/p>\n<p>We\u2019ve grown as a team and we\u2019ve also increase our range of activities:<\/p>\n<p>The <a href=\"https:\/\/www.ciceronegranada.com\/en\/contact-us\/\">Customer Care Centre-Shop <\/a>in Calle San Jer\u00f3nimo has increased our business perspective including the sector of gifts and souvenirs. We\u2019ve been able to undertake a creative, beautiful and exciting project which opens up new possibilities for the future.<\/p>\n<p>Furthermore, being excited about it, we\u2019ve humbly started to work on <strong>managing Cultural Heritage<\/strong>, for the moment with the opening at weekends of the Exposici\u00f3n Medinat Garnata in the Corral del Carb\u00f3n. Senne has been in charge of this since May.<\/p>\n<p><img decoding=\"async\" class=\"alignleft wp-image-5124 size-medium\" src=\"https:\/\/www.ciceronegranada.com\/wp-content\/uploads\/2017\/07\/patiocomares-FotodeJanZeschky-225x300.jpg\" alt=\"Alhambra patio\" width=\"225\" height=\"300\" \/>Our <strong>guided tours<\/strong> are fully established, demonstrating our specialisation in catering to individuals and small groups. In 2017 the recognition and awards for our work continue to come in, and we\u2019re ending the year proudly, in the <strong>top 6 for TripAdvisor,<\/strong> for the ranking of the 99 guided tours available in Granada.<\/p>\n<p>Five years ago, CICERONE was on the verge of closing, the business model we had combined with the economic recession almost ended our venture. Today, looking back it seems almost unbelievable that we\u2019ve achieved so much, increasing by a factor of 5 at all the levels, the team, work, billing and activity.<\/p>\n<p>Yesterday, at our Christmas party we all agreed that we\u2019re extremely satisfied with these achievements and with 2017 as a whole, and we\u2019re truly looking forward to jumping into 2018. We believe the path we\u2019re on is the right one and we want to go down it with enthusiasm, energy and eagerness.<\/p>\n<p>&nbsp;<\/p>\n<p><img loading=\"lazy\" decoding=\"async\" class=\"aligncenter wp-image-6415 size-medium\" src=\"https:\/\/www.ciceronegranada.com\/wp-content\/uploads\/2017\/12\/WhatsApp-Image-2017-12-17-at-23.37.00-300x225.jpeg\" alt=\"Cicerone dinner 2017\" width=\"300\" height=\"225\" \/><\/p>\n","protected":false},"excerpt":{"rendered":"<p>We\u2019re getting to the end of 2017 and at CICERONE we\u2019re very satisfied with what\u2019s been accomplished this year. At the start of the year an important part of our history came to a close, moving from the \u201cPuntoEncuentro-MeetingPoint\u201d Kiosk Ciceronegranada located in Plaza Bib-Rambla that had been our Customer Care Point for 9 years [&hellip;]<\/p>\n","protected":false},"author":3,"featured_media":2066,"comment_status":"closed","ping_status":"closed","sticky":false,"template":"","format":"standard","meta":{"content-type":"","footnotes":""},"categories":[304],"tags":[],"yoast_head":"<!-- This site is optimized with the Yoast SEO plugin v24.5 - https:\/\/yoast.com\/wordpress\/plugins\/seo\/ -->\n<title>2017 A year to remember in Cicerone<\/title>\n<meta name=\"description\" content=\"At the start of the year an important part of Cicerone&#039;s history came to a close, moving from the MeetingPoint Kiosk Ciceronegranada located in Bib-Rambla\" \/>\n<meta name=\"robots\" content=\"noindex, follow\" \/>\n<meta property=\"og:locale\" content=\"en_US\" \/>\n<meta property=\"og:type\" content=\"article\" \/>\n<meta property=\"og:title\" content=\"2017 A year to remember in Cicerone\" \/>\n<meta property=\"og:description\" content=\"At the start of the year an important part of Cicerone&#039;s history came to a close, moving from the MeetingPoint Kiosk Ciceronegranada located in Bib-Rambla\" \/>\n<meta property=\"og:url\" content=\"https:\/\/www.ciceronegranada.com\/en\/blog\/2017-year-to-remember-in-cicerone\/\" \/>\n<meta property=\"og:site_name\" content=\"Visitas guiadas Granada y Alhambra | Gu\u00edas locales expertos\" \/>\n<meta property=\"article:published_time\" content=\"2017-12-21T23:00:00+00:00\" \/>\n<meta property=\"article:modified_time\" content=\"2023-07-24T20:35:21+00:00\" \/>\n<meta property=\"og:image\" content=\"https:\/\/www.ciceronegranada.com\/wp-content\/uploads\/2017\/12\/DSC1722-1.jpg\" \/>\n\t<meta property=\"og:image:width\" content=\"1200\" \/>\n\t<meta property=\"og:image:height\" content=\"800\" \/>\n\t<meta property=\"og:image:type\" content=\"image\/jpeg\" \/>\n<meta name=\"author\" content=\"Cicerone CM\" \/>\n<meta name=\"twitter:card\" content=\"summary_large_image\" \/>\n<meta name=\"twitter:label1\" content=\"Written by\" \/>\n\t<meta name=\"twitter:data1\" content=\"Cicerone CM\" \/>\n\t<meta name=\"twitter:label2\" content=\"Est. reading time\" \/>\n\t<meta name=\"twitter:data2\" content=\"2 minutes\" \/>\n<script type=\"application\/ld+json\" class=\"yoast-schema-graph\">{\"@context\":\"https:\/\/schema.org\",\"@graph\":[{\"@type\":[\"Article\",\"BlogPosting\"],\"@id\":\"https:\/\/www.ciceronegranada.com\/en\/blog\/2017-year-to-remember-in-cicerone\/#article\",\"isPartOf\":{\"@id\":\"https:\/\/www.ciceronegranada.com\/en\/blog\/2017-year-to-remember-in-cicerone\/\"},\"author\":{\"name\":\"Cicerone CM\",\"@id\":\"https:\/\/www.ciceronegranada.com\/en\/#\/schema\/person\/42bce85e3bf83696c1c62f63a303f34f\"},\"headline\":\"2017 A year to remember in Cicerone\",\"datePublished\":\"2017-12-21T23:00:00+00:00\",\"dateModified\":\"2023-07-24T20:35:21+00:00\",\"mainEntityOfPage\":{\"@id\":\"https:\/\/www.ciceronegranada.com\/en\/blog\/2017-year-to-remember-in-cicerone\/\"},\"wordCount\":455,\"publisher\":{\"@id\":\"https:\/\/www.ciceronegranada.com\/en\/#organization\"},\"image\":{\"@id\":\"https:\/\/www.ciceronegranada.com\/en\/blog\/2017-year-to-remember-in-cicerone\/#primaryimage\"},\"thumbnailUrl\":\"https:\/\/www.ciceronegranada.com\/wp-content\/uploads\/2017\/12\/DSC1722-1.jpg?wsr\",\"articleSection\":[\"Cicerone news\"],\"inLanguage\":\"en-US\"},{\"@type\":\"WebPage\",\"@id\":\"https:\/\/www.ciceronegranada.com\/en\/blog\/2017-year-to-remember-in-cicerone\/\",\"url\":\"https:\/\/www.ciceronegranada.com\/en\/blog\/2017-year-to-remember-in-cicerone\/\",\"name\":\"2017 A year to remember in Cicerone\",\"isPartOf\":{\"@id\":\"https:\/\/www.ciceronegranada.com\/en\/#website\"},\"primaryImageOfPage\":{\"@id\":\"https:\/\/www.ciceronegranada.com\/en\/blog\/2017-year-to-remember-in-cicerone\/#primaryimage\"},\"image\":{\"@id\":\"https:\/\/www.ciceronegranada.com\/en\/blog\/2017-year-to-remember-in-cicerone\/#primaryimage\"},\"thumbnailUrl\":\"https:\/\/www.ciceronegranada.com\/wp-content\/uploads\/2017\/12\/DSC1722-1.jpg?wsr\",\"datePublished\":\"2017-12-21T23:00:00+00:00\",\"dateModified\":\"2023-07-24T20:35:21+00:00\",\"description\":\"At the start of the year an important part of Cicerone's history came to a close, moving from the MeetingPoint Kiosk Ciceronegranada located in Bib-Rambla\",\"breadcrumb\":{\"@id\":\"https:\/\/www.ciceronegranada.com\/en\/blog\/2017-year-to-remember-in-cicerone\/#breadcrumb\"},\"inLanguage\":\"en-US\",\"potentialAction\":[{\"@type\":\"ReadAction\",\"target\":[\"https:\/\/www.ciceronegranada.com\/en\/blog\/2017-year-to-remember-in-cicerone\/\"]}]},{\"@type\":\"ImageObject\",\"inLanguage\":\"en-US\",\"@id\":\"https:\/\/www.ciceronegranada.com\/en\/blog\/2017-year-to-remember-in-cicerone\/#primaryimage\",\"url\":\"https:\/\/www.ciceronegranada.com\/wp-content\/uploads\/2017\/12\/DSC1722-1.jpg?wsr\",\"contentUrl\":\"https:\/\/www.ciceronegranada.com\/wp-content\/uploads\/2017\/12\/DSC1722-1.jpg?wsr\",\"width\":1200,\"height\":800,\"caption\":\"DSC1722 1\"},{\"@type\":\"BreadcrumbList\",\"@id\":\"https:\/\/www.ciceronegranada.com\/en\/blog\/2017-year-to-remember-in-cicerone\/#breadcrumb\",\"itemListElement\":[{\"@type\":\"ListItem\",\"position\":1,\"name\":\"Home\",\"item\":\"https:\/\/www.ciceronegranada.com\/en\/\"},{\"@type\":\"ListItem\",\"position\":2,\"name\":\"2017 A year to remember in Cicerone\"}]},{\"@type\":\"WebSite\",\"@id\":\"https:\/\/www.ciceronegranada.com\/en\/#website\",\"url\":\"https:\/\/www.ciceronegranada.com\/en\/\",\"name\":\"Visitas guiadas Granada y Alhambra | Gu\u00edas locales expertos\",\"description\":\"Visitas guiadas de Granada o la Alhambra con gu\u00edas locales expertos. Tours privados o en grupos reducidos para que no te pierdas ning\u00fan rinc\u00f3n de la ciudad.\",\"publisher\":{\"@id\":\"https:\/\/www.ciceronegranada.com\/en\/#organization\"},\"alternateName\":\"Visitas guiadas Granada y Alhambra | Cicerone Granada\",\"potentialAction\":[{\"@type\":\"SearchAction\",\"target\":{\"@type\":\"EntryPoint\",\"urlTemplate\":\"https:\/\/www.ciceronegranada.com\/en\/?s={search_term_string}\"},\"query-input\":{\"@type\":\"PropertyValueSpecification\",\"valueRequired\":true,\"valueName\":\"search_term_string\"}}],\"inLanguage\":\"en-US\"},{\"@type\":\"Organization\",\"@id\":\"https:\/\/www.ciceronegranada.com\/en\/#organization\",\"name\":\"CiceroneGranada\",\"url\":\"https:\/\/www.ciceronegranada.com\/en\/\",\"logo\":{\"@type\":\"ImageObject\",\"inLanguage\":\"en-US\",\"@id\":\"https:\/\/www.ciceronegranada.com\/en\/#\/schema\/logo\/image\/\",\"url\":\"https:\/\/www.ciceronegranada.com\/wp-content\/uploads\/2022\/09\/logo-cicerone-2022-black.png\",\"contentUrl\":\"https:\/\/www.ciceronegranada.com\/wp-content\/uploads\/2022\/09\/logo-cicerone-2022-black.png\",\"width\":1042,\"height\":217,\"caption\":\"CiceroneGranada\"},\"image\":{\"@id\":\"https:\/\/www.ciceronegranada.com\/en\/#\/schema\/logo\/image\/\"}},{\"@type\":\"Person\",\"@id\":\"https:\/\/www.ciceronegranada.com\/en\/#\/schema\/person\/42bce85e3bf83696c1c62f63a303f34f\",\"name\":\"Cicerone CM\",\"image\":{\"@type\":\"ImageObject\",\"inLanguage\":\"en-US\",\"@id\":\"https:\/\/www.ciceronegranada.com\/en\/#\/schema\/person\/image\/\",\"url\":\"https:\/\/secure.gravatar.com\/avatar\/1d2f109eddb7359d7da263c2ca5f3ad2?s=96&d=mm&r=g\",\"contentUrl\":\"https:\/\/secure.gravatar.com\/avatar\/1d2f109eddb7359d7da263c2ca5f3ad2?s=96&d=mm&r=g\",\"caption\":\"Cicerone CM\"},\"sameAs\":[\"https:\/\/www.ciceronegranada.com\"]}]}<\/script>\n<!-- \/ Yoast SEO plugin. -->","yoast_head_json":{"title":"2017 A year to remember in Cicerone","description":"At the start of the year an important part of Cicerone's history came to a close, moving from the MeetingPoint Kiosk Ciceronegranada located in Bib-Rambla","robots":{"index":"noindex","follow":"follow"},"og_locale":"en_US","og_type":"article","og_title":"2017 A year to remember in Cicerone","og_description":"At the start of the year an important part of Cicerone's history came to a close, moving from the MeetingPoint Kiosk Ciceronegranada located in Bib-Rambla","og_url":"https:\/\/www.ciceronegranada.com\/en\/blog\/2017-year-to-remember-in-cicerone\/","og_site_name":"Visitas guiadas Granada y Alhambra | Gu\u00edas locales expertos","article_published_time":"2017-12-21T23:00:00+00:00","article_modified_time":"2023-07-24T20:35:21+00:00","og_image":[{"width":1200,"height":800,"url":"https:\/\/www.ciceronegranada.com\/wp-content\/uploads\/2017\/12\/DSC1722-1.jpg","type":"image\/jpeg"}],"author":"Cicerone CM","twitter_card":"summary_large_image","twitter_misc":{"Written by":"Cicerone CM","Est. reading time":"2 minutes"},"schema":{"@context":"https:\/\/schema.org","@graph":[{"@type":["Article","BlogPosting"],"@id":"https:\/\/www.ciceronegranada.com\/en\/blog\/2017-year-to-remember-in-cicerone\/#article","isPartOf":{"@id":"https:\/\/www.ciceronegranada.com\/en\/blog\/2017-year-to-remember-in-cicerone\/"},"author":{"name":"Cicerone CM","@id":"https:\/\/www.ciceronegranada.com\/en\/#\/schema\/person\/42bce85e3bf83696c1c62f63a303f34f"},"headline":"2017 A year to remember in Cicerone","datePublished":"2017-12-21T23:00:00+00:00","dateModified":"2023-07-24T20:35:21+00:00","mainEntityOfPage":{"@id":"https:\/\/www.ciceronegranada.com\/en\/blog\/2017-year-to-remember-in-cicerone\/"},"wordCount":455,"publisher":{"@id":"https:\/\/www.ciceronegranada.com\/en\/#organization"},"image":{"@id":"https:\/\/www.ciceronegranada.com\/en\/blog\/2017-year-to-remember-in-cicerone\/#primaryimage"},"thumbnailUrl":"https:\/\/www.ciceronegranada.com\/wp-content\/uploads\/2017\/12\/DSC1722-1.jpg?wsr","articleSection":["Cicerone news"],"inLanguage":"en-US"},{"@type":"WebPage","@id":"https:\/\/www.ciceronegranada.com\/en\/blog\/2017-year-to-remember-in-cicerone\/","url":"https:\/\/www.ciceronegranada.com\/en\/blog\/2017-year-to-remember-in-cicerone\/","name":"2017 A year to remember in Cicerone","isPartOf":{"@id":"https:\/\/www.ciceronegranada.com\/en\/#website"},"primaryImageOfPage":{"@id":"https:\/\/www.ciceronegranada.com\/en\/blog\/2017-year-to-remember-in-cicerone\/#primaryimage"},"image":{"@id":"https:\/\/www.ciceronegranada.com\/en\/blog\/2017-year-to-remember-in-cicerone\/#primaryimage"},"thumbnailUrl":"https:\/\/www.ciceronegranada.com\/wp-content\/uploads\/2017\/12\/DSC1722-1.jpg?wsr","datePublished":"2017-12-21T23:00:00+00:00","dateModified":"2023-07-24T20:35:21+00:00","description":"At the start of the year an important part of Cicerone's history came to a close, moving from the MeetingPoint Kiosk Ciceronegranada located in Bib-Rambla","breadcrumb":{"@id":"https:\/\/www.ciceronegranada.com\/en\/blog\/2017-year-to-remember-in-cicerone\/#breadcrumb"},"inLanguage":"en-US","potentialAction":[{"@type":"ReadAction","target":["https:\/\/www.ciceronegranada.com\/en\/blog\/2017-year-to-remember-in-cicerone\/"]}]},{"@type":"ImageObject","inLanguage":"en-US","@id":"https:\/\/www.ciceronegranada.com\/en\/blog\/2017-year-to-remember-in-cicerone\/#primaryimage","url":"https:\/\/www.ciceronegranada.com\/wp-content\/uploads\/2017\/12\/DSC1722-1.jpg?wsr","contentUrl":"https:\/\/www.ciceronegranada.com\/wp-content\/uploads\/2017\/12\/DSC1722-1.jpg?wsr","width":1200,"height":800,"caption":"DSC1722 1"},{"@type":"BreadcrumbList","@id":"https:\/\/www.ciceronegranada.com\/en\/blog\/2017-year-to-remember-in-cicerone\/#breadcrumb","itemListElement":[{"@type":"ListItem","position":1,"name":"Home","item":"https:\/\/www.ciceronegranada.com\/en\/"},{"@type":"ListItem","position":2,"name":"2017 A year to remember in Cicerone"}]},{"@type":"WebSite","@id":"https:\/\/www.ciceronegranada.com\/en\/#website","url":"https:\/\/www.ciceronegranada.com\/en\/","name":"Visitas guiadas Granada y Alhambra | Gu\u00edas locales expertos","description":"Visitas guiadas de Granada o la Alhambra con gu\u00edas locales expertos. Tours privados o en grupos reducidos para que no te pierdas ning\u00fan rinc\u00f3n de la ciudad.","publisher":{"@id":"https:\/\/www.ciceronegranada.com\/en\/#organization"},"alternateName":"Visitas guiadas Granada y Alhambra | Cicerone Granada","potentialAction":[{"@type":"SearchAction","target":{"@type":"EntryPoint","urlTemplate":"https:\/\/www.ciceronegranada.com\/en\/?s={search_term_string}"},"query-input":{"@type":"PropertyValueSpecification","valueRequired":true,"valueName":"search_term_string"}}],"inLanguage":"en-US"},{"@type":"Organization","@id":"https:\/\/www.ciceronegranada.com\/en\/#organization","name":"CiceroneGranada","url":"https:\/\/www.ciceronegranada.com\/en\/","logo":{"@type":"ImageObject","inLanguage":"en-US","@id":"https:\/\/www.ciceronegranada.com\/en\/#\/schema\/logo\/image\/","url":"https:\/\/www.ciceronegranada.com\/wp-content\/uploads\/2022\/09\/logo-cicerone-2022-black.png","contentUrl":"https:\/\/www.ciceronegranada.com\/wp-content\/uploads\/2022\/09\/logo-cicerone-2022-black.png","width":1042,"height":217,"caption":"CiceroneGranada"},"image":{"@id":"https:\/\/www.ciceronegranada.com\/en\/#\/schema\/logo\/image\/"}},{"@type":"Person","@id":"https:\/\/www.ciceronegranada.com\/en\/#\/schema\/person\/42bce85e3bf83696c1c62f63a303f34f","name":"Cicerone CM","image":{"@type":"ImageObject","inLanguage":"en-US","@id":"https:\/\/www.ciceronegranada.com\/en\/#\/schema\/person\/image\/","url":"https:\/\/secure.gravatar.com\/avatar\/1d2f109eddb7359d7da263c2ca5f3ad2?s=96&d=mm&r=g","contentUrl":"https:\/\/secure.gravatar.com\/avatar\/1d2f109eddb7359d7da263c2ca5f3ad2?s=96&d=mm&r=g","caption":"Cicerone CM"},"sameAs":["https:\/\/www.ciceronegranada.com"]}]}},"_links":{"self":[{"href":"https:\/\/www.ciceronegranada.com\/en\/wp-json\/wp\/v2\/posts\/301"}],"collection":[{"href":"https:\/\/www.ciceronegranada.com\/en\/wp-json\/wp\/v2\/posts"}],"about":[{"href":"https:\/\/www.ciceronegranada.com\/en\/wp-json\/wp\/v2\/types\/post"}],"author":[{"embeddable":true,"href":"https:\/\/www.ciceronegranada.com\/en\/wp-json\/wp\/v2\/users\/3"}],"replies":[{"embeddable":true,"href":"https:\/\/www.ciceronegranada.com\/en\/wp-json\/wp\/v2\/comments?post=301"}],"version-history":[{"count":3,"href":"https:\/\/www.ciceronegranada.com\/en\/wp-json\/wp\/v2\/posts\/301\/revisions"}],"predecessor-version":[{"id":15660,"href":"https:\/\/www.ciceronegranada.com\/en\/wp-json\/wp\/v2\/posts\/301\/revisions\/15660"}],"wp:featuredmedia":[{"embeddable":true,"href":"https:\/\/www.ciceronegranada.com\/en\/wp-json\/wp\/v2\/media\/2066"}],"wp:attachment":[{"href":"https:\/\/www.ciceronegranada.com\/en\/wp-json\/wp\/v2\/media?parent=301"}],"wp:term":[{"taxonomy":"category","embeddable":true,"href":"https:\/\/www.ciceronegranada.com\/en\/wp-json\/wp\/v2\/categories?post=301"},{"taxonomy":"post_tag","embeddable":true,"href":"https:\/\/www.ciceronegranada.com\/en\/wp-json\/wp\/v2\/tags?post=301"}],"curies":[{"name":"wp","href":"https:\/\/api.w.org\/{rel}","templated":true}]}}