{"id":278,"date":"2016-09-14T00:00:00","date_gmt":"2016-09-13T22:00:00","guid":{"rendered":"https:\/\/www.ciceronegranada.com\/second-most-visited-in-granada\/"},"modified":"2021-08-25T09:52:07","modified_gmt":"2021-08-25T07:52:07","slug":"second-most-visited-in-granada","status":"publish","type":"post","link":"https:\/\/www.ciceronegranada.com\/en\/blog\/second-most-visited-in-granada\/","title":{"rendered":"The second most visited place in Granada, after the Alhambra"},"content":{"rendered":"<p>The only place of interest with more visitors is the Alhambra, the most-visited monument in Spain. It is not about the Cathedral<a href=\"https:\/\/www.ciceronegranada.com\/en\/what-see-granada\/old-town\/\" target=\"_blank\" rel=\"noopener noreferrer\"> in the old town of Granada<\/a>, nor the Royal Chapel. Nor is it about the \u00a0<a href=\"https:\/\/www.ciceronegranada.com\/en\/what-see-granada\/other-monuments\/\" target=\"_blank\" rel=\"noopener noreferrer\">monasteries of Cartuja<\/a> or \u00a0<a href=\"https:\/\/www.ciceronegranada.com\/en\/what-see-granada\/other-monuments\/\" target=\"_blank\" rel=\"noopener noreferrer\">San Jer\u00f3nimo <\/a>.\u00a0 The second most visited place in Granada is the <strong>Crypt of Fray <a href=\"http:\/\/www.fray-leopoldo.org\/\" target=\"_blank\" rel=\"noopener noreferrer\">Leopoldo de Alpandeire<\/a>, <\/strong>the friar-almoner who was beatified in 2010.<\/p>\n<p><img decoding=\"async\" src=\"https:\/\/www.ciceronegranada.com\/wp-content\/uploads\/2016\/09\/sacofago-fray-leopoldo-ideal2.jpg\" \/><\/p>\n<p><img decoding=\"async\" src=\"https:\/\/www.ciceronegranada.com\/wp-content\/uploads\/2016\/09\/capilla-fray-leopoldo2.jpg\" \/><\/p>\n<p><img decoding=\"async\" src=\"https:\/\/www.ciceronegranada.com\/wp-content\/uploads\/2016\/09\/fray-leopoldo-cripta-ideal.jpg\" \/><\/p>\n<p><img decoding=\"async\" src=\"https:\/\/www.ciceronegranada.com\/wp-content\/uploads\/2016\/09\/200px-Fray_Leopoldo.jpg\" \/><\/p>\n<p>The Crypt of <strong>Fray Leopoldo<\/strong> can be found inside the Parish of La Inmaculada. It is located next to the Jardines de Triunfo, in the Franciscan-Capuchin convent of Granada, the order he belonged to. \u00a0Around 60,000 people a month attend to pray and plead to Fray Leopoldo, the friar-almoner from Alpandeire (M\u00e1laga), who lived and died in Granada.<\/p>\n<h5>Since his beatification in 2010, more people have started visiting the crypt. With an average of more than 2000 visitors a day, it has become<strong> the most visited place in Granada, second only to the Alhambra<\/strong>.<strong>\u00a0<\/strong><\/h5>\n<h3>The life of Fray Leopoldo<\/h3>\n<p>Fray Leopoldo was beatified on the 12th of September, 2010, in a ceremony that took place at the Armilla Military Air Base, attended by more than 60,000 people.\u00a0 The process, which started 64 years ago, led to the Church subsequently naming February 9 (the date of his death), as the day of Blessed Fray Leopoldo.<\/p>\n<p>Francisco Tom\u00e1s, Fray Leopoldo, was born in the town of Alpandeire in the Serran\u00eda de Ronda (M\u00e1laga) on the 24th of June 1864. He spent his childhood looking after a small flock of sheep and goats as well as ploughing the fields. Some years later, on November 16th 1899, he joined the Capuchin order in Seville, where he continued working in the Friars\u2019 orchard.<\/p>\n<p>In autumn of 1903, he moved to Granada and from the beginning held the gardener\u2019s office and alternated stays in the convents of Granada, Seville and Antequera. In 1914, he went back to live in Granada, definitively.\u00a0 As almoner, he toured the villages of Eastern Andalusia and was sometimes insulted and stoned, although despite this, his devotion, especially for the Virgin, was steadfast.\u00a0 So, whenever anybody asked him for a favour, he urged them to perform three Hail Mary prayers.<\/p>\n<p>Three years before his death, he fell down some stairs and suffered a fractured femur. After recovering in hospital, he managed to walk again with the help of two canes, continuing his contemplative life, but this time from within the convent. Fray Leopoldo died on the morning of February 9th 1956, and many worshippers congregated at the convent to pay him their last respects. From then on, every February 9th thousands of devoted people visit the Crypt where he was laid to rest.<\/p>\n","protected":false},"excerpt":{"rendered":"<p>The only place of interest with more visitors is the Alhambra, the most-visited monument in Spain. It is not about the Cathedral in the old town of Granada, nor the Royal Chapel. Nor is it about the \u00a0monasteries of Cartuja or \u00a0San Jer\u00f3nimo .\u00a0 The second most visited place in Granada is the Crypt of [&hellip;]<\/p>\n","protected":false},"author":3,"featured_media":2154,"comment_status":"open","ping_status":"open","sticky":false,"template":"","format":"standard","meta":{"content-type":"","footnotes":""},"categories":[315],"tags":[],"yoast_head":"<!-- This site is optimized with the Yoast SEO plugin v24.5 - https:\/\/yoast.com\/wordpress\/plugins\/seo\/ -->\n<title>The second most visited place in Granada, after the Alhambra<\/title>\n<meta name=\"description\" content=\"The second most visited place in Granada is the crypt of Fray Leopoldo de Alpandeire, the almoner friar turned blessed in 2010.\" \/>\n<meta name=\"robots\" content=\"index, follow, max-snippet:-1, max-image-preview:large, max-video-preview:-1\" \/>\n<link rel=\"canonical\" href=\"https:\/\/www.ciceronegranada.com\/en\/blog\/second-most-visited-in-granada\/\" \/>\n<meta property=\"og:locale\" content=\"en_US\" \/>\n<meta property=\"og:type\" content=\"article\" \/>\n<meta property=\"og:title\" content=\"The second most visited place in Granada, after the Alhambra\" \/>\n<meta property=\"og:description\" content=\"The second most visited place in Granada is the crypt of Fray Leopoldo de Alpandeire, the almoner friar turned blessed in 2010.\" \/>\n<meta property=\"og:url\" content=\"https:\/\/www.ciceronegranada.com\/en\/blog\/second-most-visited-in-granada\/\" \/>\n<meta property=\"og:site_name\" content=\"Visitas guiadas Granada y Alhambra | Gu\u00edas locales expertos\" \/>\n<meta property=\"article:published_time\" content=\"2016-09-13T22:00:00+00:00\" \/>\n<meta property=\"article:modified_time\" content=\"2021-08-25T07:52:07+00:00\" \/>\n<meta property=\"og:image\" content=\"https:\/\/www.ciceronegranada.com\/wp-content\/uploads\/2016\/09\/capilla-fray-leopoldo2-1.jpg\" \/>\n\t<meta property=\"og:image:width\" content=\"550\" \/>\n\t<meta property=\"og:image:height\" content=\"413\" \/>\n\t<meta property=\"og:image:type\" content=\"image\/jpeg\" \/>\n<meta name=\"author\" content=\"Cicerone CM\" \/>\n<meta name=\"twitter:card\" content=\"summary_large_image\" \/>\n<meta name=\"twitter:label1\" content=\"Written by\" \/>\n\t<meta name=\"twitter:data1\" content=\"Cicerone CM\" \/>\n\t<meta name=\"twitter:label2\" content=\"Est. reading time\" \/>\n\t<meta name=\"twitter:data2\" content=\"3 minutes\" \/>\n<script type=\"application\/ld+json\" class=\"yoast-schema-graph\">{\"@context\":\"https:\/\/schema.org\",\"@graph\":[{\"@type\":[\"Article\",\"BlogPosting\"],\"@id\":\"https:\/\/www.ciceronegranada.com\/en\/blog\/second-most-visited-in-granada\/#article\",\"isPartOf\":{\"@id\":\"https:\/\/www.ciceronegranada.com\/en\/blog\/second-most-visited-in-granada\/\"},\"author\":{\"name\":\"Cicerone CM\",\"@id\":\"https:\/\/www.ciceronegranada.com\/en\/#\/schema\/person\/42bce85e3bf83696c1c62f63a303f34f\"},\"headline\":\"The second most visited place in Granada, after the Alhambra\",\"datePublished\":\"2016-09-13T22:00:00+00:00\",\"dateModified\":\"2021-08-25T07:52:07+00:00\",\"mainEntityOfPage\":{\"@id\":\"https:\/\/www.ciceronegranada.com\/en\/blog\/second-most-visited-in-granada\/\"},\"wordCount\":449,\"commentCount\":0,\"publisher\":{\"@id\":\"https:\/\/www.ciceronegranada.com\/en\/#organization\"},\"image\":{\"@id\":\"https:\/\/www.ciceronegranada.com\/en\/blog\/second-most-visited-in-granada\/#primaryimage\"},\"thumbnailUrl\":\"https:\/\/www.ciceronegranada.com\/wp-content\/uploads\/2016\/09\/capilla-fray-leopoldo2-1.jpg?wsr\",\"articleSection\":[\"Granada\"],\"inLanguage\":\"en-US\",\"potentialAction\":[{\"@type\":\"CommentAction\",\"name\":\"Comment\",\"target\":[\"https:\/\/www.ciceronegranada.com\/en\/blog\/second-most-visited-in-granada\/#respond\"]}]},{\"@type\":\"WebPage\",\"@id\":\"https:\/\/www.ciceronegranada.com\/en\/blog\/second-most-visited-in-granada\/\",\"url\":\"https:\/\/www.ciceronegranada.com\/en\/blog\/second-most-visited-in-granada\/\",\"name\":\"The second most visited place in Granada, after the Alhambra\",\"isPartOf\":{\"@id\":\"https:\/\/www.ciceronegranada.com\/en\/#website\"},\"primaryImageOfPage\":{\"@id\":\"https:\/\/www.ciceronegranada.com\/en\/blog\/second-most-visited-in-granada\/#primaryimage\"},\"image\":{\"@id\":\"https:\/\/www.ciceronegranada.com\/en\/blog\/second-most-visited-in-granada\/#primaryimage\"},\"thumbnailUrl\":\"https:\/\/www.ciceronegranada.com\/wp-content\/uploads\/2016\/09\/capilla-fray-leopoldo2-1.jpg?wsr\",\"datePublished\":\"2016-09-13T22:00:00+00:00\",\"dateModified\":\"2021-08-25T07:52:07+00:00\",\"description\":\"The second most visited place in Granada is the crypt of Fray Leopoldo de Alpandeire, the almoner friar turned blessed in 2010.\",\"breadcrumb\":{\"@id\":\"https:\/\/www.ciceronegranada.com\/en\/blog\/second-most-visited-in-granada\/#breadcrumb\"},\"inLanguage\":\"en-US\",\"potentialAction\":[{\"@type\":\"ReadAction\",\"target\":[\"https:\/\/www.ciceronegranada.com\/en\/blog\/second-most-visited-in-granada\/\"]}]},{\"@type\":\"ImageObject\",\"inLanguage\":\"en-US\",\"@id\":\"https:\/\/www.ciceronegranada.com\/en\/blog\/second-most-visited-in-granada\/#primaryimage\",\"url\":\"https:\/\/www.ciceronegranada.com\/wp-content\/uploads\/2016\/09\/capilla-fray-leopoldo2-1.jpg?wsr\",\"contentUrl\":\"https:\/\/www.ciceronegranada.com\/wp-content\/uploads\/2016\/09\/capilla-fray-leopoldo2-1.jpg?wsr\",\"width\":550,\"height\":413,\"caption\":\"capilla fray leopoldo2 1\"},{\"@type\":\"BreadcrumbList\",\"@id\":\"https:\/\/www.ciceronegranada.com\/en\/blog\/second-most-visited-in-granada\/#breadcrumb\",\"itemListElement\":[{\"@type\":\"ListItem\",\"position\":1,\"name\":\"Home\",\"item\":\"https:\/\/www.ciceronegranada.com\/en\/\"},{\"@type\":\"ListItem\",\"position\":2,\"name\":\"The second most visited place in Granada, after the Alhambra\"}]},{\"@type\":\"WebSite\",\"@id\":\"https:\/\/www.ciceronegranada.com\/en\/#website\",\"url\":\"https:\/\/www.ciceronegranada.com\/en\/\",\"name\":\"Visitas guiadas Granada y Alhambra | Gu\u00edas locales expertos\",\"description\":\"Visitas guiadas de Granada o la Alhambra con gu\u00edas locales expertos. Tours privados o en grupos reducidos para que no te pierdas ning\u00fan rinc\u00f3n de la ciudad.\",\"publisher\":{\"@id\":\"https:\/\/www.ciceronegranada.com\/en\/#organization\"},\"alternateName\":\"Visitas guiadas Granada y Alhambra | Cicerone Granada\",\"potentialAction\":[{\"@type\":\"SearchAction\",\"target\":{\"@type\":\"EntryPoint\",\"urlTemplate\":\"https:\/\/www.ciceronegranada.com\/en\/?s={search_term_string}\"},\"query-input\":{\"@type\":\"PropertyValueSpecification\",\"valueRequired\":true,\"valueName\":\"search_term_string\"}}],\"inLanguage\":\"en-US\"},{\"@type\":\"Organization\",\"@id\":\"https:\/\/www.ciceronegranada.com\/en\/#organization\",\"name\":\"CiceroneGranada\",\"url\":\"https:\/\/www.ciceronegranada.com\/en\/\",\"logo\":{\"@type\":\"ImageObject\",\"inLanguage\":\"en-US\",\"@id\":\"https:\/\/www.ciceronegranada.com\/en\/#\/schema\/logo\/image\/\",\"url\":\"https:\/\/www.ciceronegranada.com\/wp-content\/uploads\/2022\/09\/logo-cicerone-2022-black.png\",\"contentUrl\":\"https:\/\/www.ciceronegranada.com\/wp-content\/uploads\/2022\/09\/logo-cicerone-2022-black.png\",\"width\":1042,\"height\":217,\"caption\":\"CiceroneGranada\"},\"image\":{\"@id\":\"https:\/\/www.ciceronegranada.com\/en\/#\/schema\/logo\/image\/\"}},{\"@type\":\"Person\",\"@id\":\"https:\/\/www.ciceronegranada.com\/en\/#\/schema\/person\/42bce85e3bf83696c1c62f63a303f34f\",\"name\":\"Cicerone CM\",\"image\":{\"@type\":\"ImageObject\",\"inLanguage\":\"en-US\",\"@id\":\"https:\/\/www.ciceronegranada.com\/en\/#\/schema\/person\/image\/\",\"url\":\"https:\/\/secure.gravatar.com\/avatar\/1d2f109eddb7359d7da263c2ca5f3ad2?s=96&d=mm&r=g\",\"contentUrl\":\"https:\/\/secure.gravatar.com\/avatar\/1d2f109eddb7359d7da263c2ca5f3ad2?s=96&d=mm&r=g\",\"caption\":\"Cicerone CM\"},\"sameAs\":[\"https:\/\/www.ciceronegranada.com\"]}]}<\/script>\n<!-- \/ Yoast SEO plugin. -->","yoast_head_json":{"title":"The second most visited place in Granada, after the Alhambra","description":"The second most visited place in Granada is the crypt of Fray Leopoldo de Alpandeire, the almoner friar turned blessed in 2010.","robots":{"index":"index","follow":"follow","max-snippet":"max-snippet:-1","max-image-preview":"max-image-preview:large","max-video-preview":"max-video-preview:-1"},"canonical":"https:\/\/www.ciceronegranada.com\/en\/blog\/second-most-visited-in-granada\/","og_locale":"en_US","og_type":"article","og_title":"The second most visited place in Granada, after the Alhambra","og_description":"The second most visited place in Granada is the crypt of Fray Leopoldo de Alpandeire, the almoner friar turned blessed in 2010.","og_url":"https:\/\/www.ciceronegranada.com\/en\/blog\/second-most-visited-in-granada\/","og_site_name":"Visitas guiadas Granada y Alhambra | Gu\u00edas locales expertos","article_published_time":"2016-09-13T22:00:00+00:00","article_modified_time":"2021-08-25T07:52:07+00:00","og_image":[{"width":550,"height":413,"url":"https:\/\/www.ciceronegranada.com\/wp-content\/uploads\/2016\/09\/capilla-fray-leopoldo2-1.jpg","type":"image\/jpeg"}],"author":"Cicerone CM","twitter_card":"summary_large_image","twitter_misc":{"Written by":"Cicerone CM","Est. reading time":"3 minutes"},"schema":{"@context":"https:\/\/schema.org","@graph":[{"@type":["Article","BlogPosting"],"@id":"https:\/\/www.ciceronegranada.com\/en\/blog\/second-most-visited-in-granada\/#article","isPartOf":{"@id":"https:\/\/www.ciceronegranada.com\/en\/blog\/second-most-visited-in-granada\/"},"author":{"name":"Cicerone CM","@id":"https:\/\/www.ciceronegranada.com\/en\/#\/schema\/person\/42bce85e3bf83696c1c62f63a303f34f"},"headline":"The second most visited place in Granada, after the Alhambra","datePublished":"2016-09-13T22:00:00+00:00","dateModified":"2021-08-25T07:52:07+00:00","mainEntityOfPage":{"@id":"https:\/\/www.ciceronegranada.com\/en\/blog\/second-most-visited-in-granada\/"},"wordCount":449,"commentCount":0,"publisher":{"@id":"https:\/\/www.ciceronegranada.com\/en\/#organization"},"image":{"@id":"https:\/\/www.ciceronegranada.com\/en\/blog\/second-most-visited-in-granada\/#primaryimage"},"thumbnailUrl":"https:\/\/www.ciceronegranada.com\/wp-content\/uploads\/2016\/09\/capilla-fray-leopoldo2-1.jpg?wsr","articleSection":["Granada"],"inLanguage":"en-US","potentialAction":[{"@type":"CommentAction","name":"Comment","target":["https:\/\/www.ciceronegranada.com\/en\/blog\/second-most-visited-in-granada\/#respond"]}]},{"@type":"WebPage","@id":"https:\/\/www.ciceronegranada.com\/en\/blog\/second-most-visited-in-granada\/","url":"https:\/\/www.ciceronegranada.com\/en\/blog\/second-most-visited-in-granada\/","name":"The second most visited place in Granada, after the Alhambra","isPartOf":{"@id":"https:\/\/www.ciceronegranada.com\/en\/#website"},"primaryImageOfPage":{"@id":"https:\/\/www.ciceronegranada.com\/en\/blog\/second-most-visited-in-granada\/#primaryimage"},"image":{"@id":"https:\/\/www.ciceronegranada.com\/en\/blog\/second-most-visited-in-granada\/#primaryimage"},"thumbnailUrl":"https:\/\/www.ciceronegranada.com\/wp-content\/uploads\/2016\/09\/capilla-fray-leopoldo2-1.jpg?wsr","datePublished":"2016-09-13T22:00:00+00:00","dateModified":"2021-08-25T07:52:07+00:00","description":"The second most visited place in Granada is the crypt of Fray Leopoldo de Alpandeire, the almoner friar turned blessed in 2010.","breadcrumb":{"@id":"https:\/\/www.ciceronegranada.com\/en\/blog\/second-most-visited-in-granada\/#breadcrumb"},"inLanguage":"en-US","potentialAction":[{"@type":"ReadAction","target":["https:\/\/www.ciceronegranada.com\/en\/blog\/second-most-visited-in-granada\/"]}]},{"@type":"ImageObject","inLanguage":"en-US","@id":"https:\/\/www.ciceronegranada.com\/en\/blog\/second-most-visited-in-granada\/#primaryimage","url":"https:\/\/www.ciceronegranada.com\/wp-content\/uploads\/2016\/09\/capilla-fray-leopoldo2-1.jpg?wsr","contentUrl":"https:\/\/www.ciceronegranada.com\/wp-content\/uploads\/2016\/09\/capilla-fray-leopoldo2-1.jpg?wsr","width":550,"height":413,"caption":"capilla fray leopoldo2 1"},{"@type":"BreadcrumbList","@id":"https:\/\/www.ciceronegranada.com\/en\/blog\/second-most-visited-in-granada\/#breadcrumb","itemListElement":[{"@type":"ListItem","position":1,"name":"Home","item":"https:\/\/www.ciceronegranada.com\/en\/"},{"@type":"ListItem","position":2,"name":"The second most visited place in Granada, after the Alhambra"}]},{"@type":"WebSite","@id":"https:\/\/www.ciceronegranada.com\/en\/#website","url":"https:\/\/www.ciceronegranada.com\/en\/","name":"Visitas guiadas Granada y Alhambra | Gu\u00edas locales expertos","description":"Visitas guiadas de Granada o la Alhambra con gu\u00edas locales expertos. Tours privados o en grupos reducidos para que no te pierdas ning\u00fan rinc\u00f3n de la ciudad.","publisher":{"@id":"https:\/\/www.ciceronegranada.com\/en\/#organization"},"alternateName":"Visitas guiadas Granada y Alhambra | Cicerone Granada","potentialAction":[{"@type":"SearchAction","target":{"@type":"EntryPoint","urlTemplate":"https:\/\/www.ciceronegranada.com\/en\/?s={search_term_string}"},"query-input":{"@type":"PropertyValueSpecification","valueRequired":true,"valueName":"search_term_string"}}],"inLanguage":"en-US"},{"@type":"Organization","@id":"https:\/\/www.ciceronegranada.com\/en\/#organization","name":"CiceroneGranada","url":"https:\/\/www.ciceronegranada.com\/en\/","logo":{"@type":"ImageObject","inLanguage":"en-US","@id":"https:\/\/www.ciceronegranada.com\/en\/#\/schema\/logo\/image\/","url":"https:\/\/www.ciceronegranada.com\/wp-content\/uploads\/2022\/09\/logo-cicerone-2022-black.png","contentUrl":"https:\/\/www.ciceronegranada.com\/wp-content\/uploads\/2022\/09\/logo-cicerone-2022-black.png","width":1042,"height":217,"caption":"CiceroneGranada"},"image":{"@id":"https:\/\/www.ciceronegranada.com\/en\/#\/schema\/logo\/image\/"}},{"@type":"Person","@id":"https:\/\/www.ciceronegranada.com\/en\/#\/schema\/person\/42bce85e3bf83696c1c62f63a303f34f","name":"Cicerone CM","image":{"@type":"ImageObject","inLanguage":"en-US","@id":"https:\/\/www.ciceronegranada.com\/en\/#\/schema\/person\/image\/","url":"https:\/\/secure.gravatar.com\/avatar\/1d2f109eddb7359d7da263c2ca5f3ad2?s=96&d=mm&r=g","contentUrl":"https:\/\/secure.gravatar.com\/avatar\/1d2f109eddb7359d7da263c2ca5f3ad2?s=96&d=mm&r=g","caption":"Cicerone CM"},"sameAs":["https:\/\/www.ciceronegranada.com"]}]}},"_links":{"self":[{"href":"https:\/\/www.ciceronegranada.com\/en\/wp-json\/wp\/v2\/posts\/278"}],"collection":[{"href":"https:\/\/www.ciceronegranada.com\/en\/wp-json\/wp\/v2\/posts"}],"about":[{"href":"https:\/\/www.ciceronegranada.com\/en\/wp-json\/wp\/v2\/types\/post"}],"author":[{"embeddable":true,"href":"https:\/\/www.ciceronegranada.com\/en\/wp-json\/wp\/v2\/users\/3"}],"replies":[{"embeddable":true,"href":"https:\/\/www.ciceronegranada.com\/en\/wp-json\/wp\/v2\/comments?post=278"}],"version-history":[{"count":6,"href":"https:\/\/www.ciceronegranada.com\/en\/wp-json\/wp\/v2\/posts\/278\/revisions"}],"predecessor-version":[{"id":9394,"href":"https:\/\/www.ciceronegranada.com\/en\/wp-json\/wp\/v2\/posts\/278\/revisions\/9394"}],"wp:featuredmedia":[{"embeddable":true,"href":"https:\/\/www.ciceronegranada.com\/en\/wp-json\/wp\/v2\/media\/2154"}],"wp:attachment":[{"href":"https:\/\/www.ciceronegranada.com\/en\/wp-json\/wp\/v2\/media?parent=278"}],"wp:term":[{"taxonomy":"category","embeddable":true,"href":"https:\/\/www.ciceronegranada.com\/en\/wp-json\/wp\/v2\/categories?post=278"},{"taxonomy":"post_tag","embeddable":true,"href":"https:\/\/www.ciceronegranada.com\/en\/wp-json\/wp\/v2\/tags?post=278"}],"curies":[{"name":"wp","href":"https:\/\/api.w.org\/{rel}","templated":true}]}}