{"id":263,"date":"2016-07-06T00:00:00","date_gmt":"2016-07-05T22:00:00","guid":{"rendered":"https:\/\/www.ciceronegranada.com\/alhambra-falla-and-zuloaga\/"},"modified":"2023-07-24T22:40:09","modified_gmt":"2023-07-24T20:40:09","slug":"alhambra-falla-and-zuloaga","status":"publish","type":"post","link":"https:\/\/www.ciceronegranada.com\/en\/blog\/alhambra-falla-and-zuloaga\/","title":{"rendered":"Falla and Zuloaga, reunion in the Alhambra"},"content":{"rendered":"<blockquote>\n<h3><em>ZULOAGA AND FALLA \u2018MEET AGAIN\u2019 AT THE ALHAMBRA<\/em><\/h3>\n<\/blockquote>\n<p><img fetchpriority=\"high\" decoding=\"async\" class=\"alignleft wp-image-3519 size-medium\" src=\"https:\/\/www.ciceronegranada.com\/wp-content\/uploads\/2016\/07\/zuloaga-falla-266x300.png\" alt=\"zuloaga-falla-266x300\" width=\"266\" height=\"300\" \/><\/p>\n<blockquote><p><em>This is the story of a friendship. The main characters are <strong>Manuel de Falla<\/strong> (1876-1946), <strong><a href=\"https:\/\/en.wikipedia.org\/wiki\/Ignacio_Zuloaga\">Ignacio Zuloaga<\/a><\/strong> (1870-1945) and <a href=\"https:\/\/www.ciceronegranada.com\/en\/what-see-granada\/alhambra-generalife\/\"><strong>the Alhambra<\/strong><\/a>, the best possible stage for two of the most important artists of the first half of the 20th century to meet again.\u00a0The exhibition on view at the Temporary Exhibition Room of the Granada Fine Arts Museum on the first floor of the <strong>Palace of Charles V<\/strong> will be open until 18 September, and traces in over 150 pieces the personal relationship between the two men and the most important projects on which they collaborated.<\/em><\/p>\n<p class=\"bodytext\"><em>The exhibition <strong>&#8220;Ignacio Zuloaga and Manuel de Falla. Story of a Friendship&#8221;<\/strong>, takes us on a chronological journey (1913-1939) through the joint projects of these two exceptional creators via their letters, photographs and news reports. These are joined by the paintings of Zuloaga and the music of Falla in order to place the exhibition within its historical context in \u201can extraordinary period of artistic modernity\u201d. The exhibition, curated by Jos\u00e9 Vallejo, has exhibits loaned by the Zuloaga Museum and the Manuel de Falla Archives, in addition to others from the Reina Sof\u00eda Museum in Madrid, the Almagro National Theatre, Granada City Council, the Council of the Alhambra and Generalife, the Cervantes Institute in Paris, the Catalonia National Art Museum and the Bilbao Fine Arts Museum, as well as from private collectors.<\/em><\/p>\n<\/blockquote>\n\n<blockquote>\n<p class=\"bodytext\"><em>Research indicates that Manuel de Falla (1876-1946) and Ignacio Zuloaga (1870-1945) probably met in Paris in 1910, but there is no documentary evidence of their relationship until 1913. This is where the exhibition begins with a letter in which the composer asks his painter friend for help and advice regarding the staging of <strong>\u201cLife is Short\u201d (La Vida Breve).<\/strong><\/em><\/p>\n<p class=\"bodytext\"><em>Over the next two decades Zuloaga and Falla <strong>met in Paris, Madrid and Granada<\/strong> among other cities. Their friendship led them to work together on various projects such as the inauguration in 1917 of schools for the people (Escuelas Populares) in the house in which <strong>Francisco de Goya (<\/strong>1746-1828) was born in Fuendetodos. Falla attended the inauguration and took part in the events by playing the harmonium in the parish church, searching for inspiration for the composition of his final jota in his ballet the \u2018Three-Cornered Hat\u2019 (Sombrero de tres picos).<\/em><\/p>\n<\/blockquote>\n<p class=\"bodytext\"><img decoding=\"async\" class=\"size-full wp-image-3514 alignleft\" src=\"https:\/\/www.ciceronegranada.com\/wp-content\/uploads\/2016\/07\/FAllayZuloaga.jpg\" alt=\"FAllayZuloaga\" width=\"510\" height=\"295\" \/><\/p>\n<blockquote>\n<p class=\"bodytext\"><em>Their friendship also led them to work together on a project in which they were responsible for both the music and the staging. The initial idea took 15 years to take final shape in the performance of <strong>Master Peter&#8217;s Puppet Show (El Retablo de Maese Pedro)<\/strong> at the Opera Comique in Paris in 1928. For almost twenty years the two artists also worked on a variety of other projects, most of which were of social interest. These included the Granada <strong>Cante Jondo Flamenco Singing Competition<\/strong> organized by Falla, Lorca and Fernando V\u00edlchez and Zuloaga\u2019s exhibition at the Meersmans Museum in Granada, both in 1922. The two artists last met in 1932, when <strong>Falla stayed at Zuloaga\u2019s house<\/strong> in Zumaya before leaving for Argentina, where he died in 1946, a year after his friend. A <strong>farewell letter from Argentina<\/strong> was a goodbye that both men realized was definitive.\u00a0<\/em><\/p>\n<\/blockquote>\n<p class=\"bodytext\">More info in Patronate of the Alhambra and Generalife<\/p>\n","protected":false},"excerpt":{"rendered":"<p>ZULOAGA AND FALLA \u2018MEET AGAIN\u2019 AT THE ALHAMBRA This is the story of a friendship. The main characters are Manuel de Falla (1876-1946), Ignacio Zuloaga (1870-1945) and the Alhambra, the best possible stage for two of the most important artists of the first half of the 20th century to meet again.\u00a0The exhibition on view at [&hellip;]<\/p>\n","protected":false},"author":3,"featured_media":2194,"comment_status":"closed","ping_status":"closed","sticky":false,"template":"","format":"standard","meta":{"content-type":"","footnotes":""},"categories":[307],"tags":[],"yoast_head":"<!-- This site is optimized with the Yoast SEO plugin v24.5 - https:\/\/yoast.com\/wordpress\/plugins\/seo\/ -->\n<title>Falla and Zuloaga, reunion in the Alhambra - Cicerone Granada<\/title>\n<meta name=\"description\" content=\"The Museum of Fine Arts in Granada is hosting an exhibition on Falla and Zuloaga , two of the great geniuses of the twentieth century\" \/>\n<meta name=\"robots\" content=\"index, follow, max-snippet:-1, max-image-preview:large, max-video-preview:-1\" \/>\n<link rel=\"canonical\" href=\"https:\/\/www.ciceronegranada.com\/en\/blog\/alhambra-falla-and-zuloaga\/\" \/>\n<meta property=\"og:locale\" content=\"en_US\" \/>\n<meta property=\"og:type\" content=\"article\" \/>\n<meta property=\"og:title\" content=\"Falla and Zuloaga, reunion in the Alhambra - Cicerone Granada\" \/>\n<meta property=\"og:description\" content=\"The Museum of Fine Arts in Granada is hosting an exhibition on Falla and Zuloaga , two of the great geniuses of the twentieth century\" \/>\n<meta property=\"og:url\" content=\"https:\/\/www.ciceronegranada.com\/en\/blog\/alhambra-falla-and-zuloaga\/\" \/>\n<meta property=\"og:site_name\" content=\"Visitas guiadas Granada y Alhambra | Gu\u00edas locales expertos\" \/>\n<meta property=\"article:published_time\" content=\"2016-07-05T22:00:00+00:00\" \/>\n<meta property=\"article:modified_time\" content=\"2023-07-24T20:40:09+00:00\" \/>\n<meta property=\"og:image\" content=\"https:\/\/www.ciceronegranada.com\/wp-content\/uploads\/2016\/07\/Manuel-Falla-Zuloaga-1.jpg\" \/>\n\t<meta property=\"og:image:width\" content=\"1000\" \/>\n\t<meta property=\"og:image:height\" content=\"1127\" \/>\n\t<meta property=\"og:image:type\" content=\"image\/jpeg\" \/>\n<meta name=\"author\" content=\"Cicerone CM\" \/>\n<meta name=\"twitter:card\" content=\"summary_large_image\" \/>\n<meta name=\"twitter:label1\" content=\"Written by\" \/>\n\t<meta name=\"twitter:data1\" content=\"Cicerone CM\" \/>\n\t<meta name=\"twitter:label2\" content=\"Est. reading time\" \/>\n\t<meta name=\"twitter:data2\" content=\"3 minutes\" \/>\n<script type=\"application\/ld+json\" class=\"yoast-schema-graph\">{\"@context\":\"https:\/\/schema.org\",\"@graph\":[{\"@type\":[\"Article\",\"BlogPosting\"],\"@id\":\"https:\/\/www.ciceronegranada.com\/en\/blog\/alhambra-falla-and-zuloaga\/#article\",\"isPartOf\":{\"@id\":\"https:\/\/www.ciceronegranada.com\/en\/blog\/alhambra-falla-and-zuloaga\/\"},\"author\":{\"name\":\"Cicerone CM\",\"@id\":\"https:\/\/www.ciceronegranada.com\/en\/#\/schema\/person\/42bce85e3bf83696c1c62f63a303f34f\"},\"headline\":\"Falla and Zuloaga, reunion in the Alhambra\",\"datePublished\":\"2016-07-05T22:00:00+00:00\",\"dateModified\":\"2023-07-24T20:40:09+00:00\",\"mainEntityOfPage\":{\"@id\":\"https:\/\/www.ciceronegranada.com\/en\/blog\/alhambra-falla-and-zuloaga\/\"},\"wordCount\":570,\"publisher\":{\"@id\":\"https:\/\/www.ciceronegranada.com\/en\/#organization\"},\"image\":{\"@id\":\"https:\/\/www.ciceronegranada.com\/en\/blog\/alhambra-falla-and-zuloaga\/#primaryimage\"},\"thumbnailUrl\":\"https:\/\/www.ciceronegranada.com\/wp-content\/uploads\/2016\/07\/Manuel-Falla-Zuloaga-1.jpg?wsr\",\"articleSection\":[\"Alhambra\"],\"inLanguage\":\"en-US\"},{\"@type\":\"WebPage\",\"@id\":\"https:\/\/www.ciceronegranada.com\/en\/blog\/alhambra-falla-and-zuloaga\/\",\"url\":\"https:\/\/www.ciceronegranada.com\/en\/blog\/alhambra-falla-and-zuloaga\/\",\"name\":\"Falla and Zuloaga, reunion in the Alhambra - Cicerone Granada\",\"isPartOf\":{\"@id\":\"https:\/\/www.ciceronegranada.com\/en\/#website\"},\"primaryImageOfPage\":{\"@id\":\"https:\/\/www.ciceronegranada.com\/en\/blog\/alhambra-falla-and-zuloaga\/#primaryimage\"},\"image\":{\"@id\":\"https:\/\/www.ciceronegranada.com\/en\/blog\/alhambra-falla-and-zuloaga\/#primaryimage\"},\"thumbnailUrl\":\"https:\/\/www.ciceronegranada.com\/wp-content\/uploads\/2016\/07\/Manuel-Falla-Zuloaga-1.jpg?wsr\",\"datePublished\":\"2016-07-05T22:00:00+00:00\",\"dateModified\":\"2023-07-24T20:40:09+00:00\",\"description\":\"The Museum of Fine Arts in Granada is hosting an exhibition on Falla and Zuloaga , two of the great geniuses of the twentieth century\",\"breadcrumb\":{\"@id\":\"https:\/\/www.ciceronegranada.com\/en\/blog\/alhambra-falla-and-zuloaga\/#breadcrumb\"},\"inLanguage\":\"en-US\",\"potentialAction\":[{\"@type\":\"ReadAction\",\"target\":[\"https:\/\/www.ciceronegranada.com\/en\/blog\/alhambra-falla-and-zuloaga\/\"]}]},{\"@type\":\"ImageObject\",\"inLanguage\":\"en-US\",\"@id\":\"https:\/\/www.ciceronegranada.com\/en\/blog\/alhambra-falla-and-zuloaga\/#primaryimage\",\"url\":\"https:\/\/www.ciceronegranada.com\/wp-content\/uploads\/2016\/07\/Manuel-Falla-Zuloaga-1.jpg?wsr\",\"contentUrl\":\"https:\/\/www.ciceronegranada.com\/wp-content\/uploads\/2016\/07\/Manuel-Falla-Zuloaga-1.jpg?wsr\",\"width\":1000,\"height\":1127,\"caption\":\"Manuel Falla Zuloaga 1\"},{\"@type\":\"BreadcrumbList\",\"@id\":\"https:\/\/www.ciceronegranada.com\/en\/blog\/alhambra-falla-and-zuloaga\/#breadcrumb\",\"itemListElement\":[{\"@type\":\"ListItem\",\"position\":1,\"name\":\"Home\",\"item\":\"https:\/\/www.ciceronegranada.com\/en\/\"},{\"@type\":\"ListItem\",\"position\":2,\"name\":\"Falla and Zuloaga, reunion in the Alhambra\"}]},{\"@type\":\"WebSite\",\"@id\":\"https:\/\/www.ciceronegranada.com\/en\/#website\",\"url\":\"https:\/\/www.ciceronegranada.com\/en\/\",\"name\":\"Visitas guiadas Granada y Alhambra | Gu\u00edas locales expertos\",\"description\":\"Visitas guiadas de Granada o la Alhambra con gu\u00edas locales expertos. Tours privados o en grupos reducidos para que no te pierdas ning\u00fan rinc\u00f3n de la ciudad.\",\"publisher\":{\"@id\":\"https:\/\/www.ciceronegranada.com\/en\/#organization\"},\"alternateName\":\"Visitas guiadas Granada y Alhambra | Cicerone Granada\",\"potentialAction\":[{\"@type\":\"SearchAction\",\"target\":{\"@type\":\"EntryPoint\",\"urlTemplate\":\"https:\/\/www.ciceronegranada.com\/en\/?s={search_term_string}\"},\"query-input\":{\"@type\":\"PropertyValueSpecification\",\"valueRequired\":true,\"valueName\":\"search_term_string\"}}],\"inLanguage\":\"en-US\"},{\"@type\":\"Organization\",\"@id\":\"https:\/\/www.ciceronegranada.com\/en\/#organization\",\"name\":\"CiceroneGranada\",\"url\":\"https:\/\/www.ciceronegranada.com\/en\/\",\"logo\":{\"@type\":\"ImageObject\",\"inLanguage\":\"en-US\",\"@id\":\"https:\/\/www.ciceronegranada.com\/en\/#\/schema\/logo\/image\/\",\"url\":\"https:\/\/www.ciceronegranada.com\/wp-content\/uploads\/2022\/09\/logo-cicerone-2022-black.png\",\"contentUrl\":\"https:\/\/www.ciceronegranada.com\/wp-content\/uploads\/2022\/09\/logo-cicerone-2022-black.png\",\"width\":1042,\"height\":217,\"caption\":\"CiceroneGranada\"},\"image\":{\"@id\":\"https:\/\/www.ciceronegranada.com\/en\/#\/schema\/logo\/image\/\"}},{\"@type\":\"Person\",\"@id\":\"https:\/\/www.ciceronegranada.com\/en\/#\/schema\/person\/42bce85e3bf83696c1c62f63a303f34f\",\"name\":\"Cicerone CM\",\"image\":{\"@type\":\"ImageObject\",\"inLanguage\":\"en-US\",\"@id\":\"https:\/\/www.ciceronegranada.com\/en\/#\/schema\/person\/image\/\",\"url\":\"https:\/\/secure.gravatar.com\/avatar\/1d2f109eddb7359d7da263c2ca5f3ad2?s=96&d=mm&r=g\",\"contentUrl\":\"https:\/\/secure.gravatar.com\/avatar\/1d2f109eddb7359d7da263c2ca5f3ad2?s=96&d=mm&r=g\",\"caption\":\"Cicerone CM\"},\"sameAs\":[\"https:\/\/www.ciceronegranada.com\"]}]}<\/script>\n<!-- \/ Yoast SEO plugin. -->","yoast_head_json":{"title":"Falla and Zuloaga, reunion in the Alhambra - Cicerone Granada","description":"The Museum of Fine Arts in Granada is hosting an exhibition on Falla and Zuloaga , two of the great geniuses of the twentieth century","robots":{"index":"index","follow":"follow","max-snippet":"max-snippet:-1","max-image-preview":"max-image-preview:large","max-video-preview":"max-video-preview:-1"},"canonical":"https:\/\/www.ciceronegranada.com\/en\/blog\/alhambra-falla-and-zuloaga\/","og_locale":"en_US","og_type":"article","og_title":"Falla and Zuloaga, reunion in the Alhambra - Cicerone Granada","og_description":"The Museum of Fine Arts in Granada is hosting an exhibition on Falla and Zuloaga , two of the great geniuses of the twentieth century","og_url":"https:\/\/www.ciceronegranada.com\/en\/blog\/alhambra-falla-and-zuloaga\/","og_site_name":"Visitas guiadas Granada y Alhambra | Gu\u00edas locales expertos","article_published_time":"2016-07-05T22:00:00+00:00","article_modified_time":"2023-07-24T20:40:09+00:00","og_image":[{"width":1000,"height":1127,"url":"https:\/\/www.ciceronegranada.com\/wp-content\/uploads\/2016\/07\/Manuel-Falla-Zuloaga-1.jpg","type":"image\/jpeg"}],"author":"Cicerone CM","twitter_card":"summary_large_image","twitter_misc":{"Written by":"Cicerone CM","Est. reading time":"3 minutes"},"schema":{"@context":"https:\/\/schema.org","@graph":[{"@type":["Article","BlogPosting"],"@id":"https:\/\/www.ciceronegranada.com\/en\/blog\/alhambra-falla-and-zuloaga\/#article","isPartOf":{"@id":"https:\/\/www.ciceronegranada.com\/en\/blog\/alhambra-falla-and-zuloaga\/"},"author":{"name":"Cicerone CM","@id":"https:\/\/www.ciceronegranada.com\/en\/#\/schema\/person\/42bce85e3bf83696c1c62f63a303f34f"},"headline":"Falla and Zuloaga, reunion in the Alhambra","datePublished":"2016-07-05T22:00:00+00:00","dateModified":"2023-07-24T20:40:09+00:00","mainEntityOfPage":{"@id":"https:\/\/www.ciceronegranada.com\/en\/blog\/alhambra-falla-and-zuloaga\/"},"wordCount":570,"publisher":{"@id":"https:\/\/www.ciceronegranada.com\/en\/#organization"},"image":{"@id":"https:\/\/www.ciceronegranada.com\/en\/blog\/alhambra-falla-and-zuloaga\/#primaryimage"},"thumbnailUrl":"https:\/\/www.ciceronegranada.com\/wp-content\/uploads\/2016\/07\/Manuel-Falla-Zuloaga-1.jpg?wsr","articleSection":["Alhambra"],"inLanguage":"en-US"},{"@type":"WebPage","@id":"https:\/\/www.ciceronegranada.com\/en\/blog\/alhambra-falla-and-zuloaga\/","url":"https:\/\/www.ciceronegranada.com\/en\/blog\/alhambra-falla-and-zuloaga\/","name":"Falla and Zuloaga, reunion in the Alhambra - Cicerone Granada","isPartOf":{"@id":"https:\/\/www.ciceronegranada.com\/en\/#website"},"primaryImageOfPage":{"@id":"https:\/\/www.ciceronegranada.com\/en\/blog\/alhambra-falla-and-zuloaga\/#primaryimage"},"image":{"@id":"https:\/\/www.ciceronegranada.com\/en\/blog\/alhambra-falla-and-zuloaga\/#primaryimage"},"thumbnailUrl":"https:\/\/www.ciceronegranada.com\/wp-content\/uploads\/2016\/07\/Manuel-Falla-Zuloaga-1.jpg?wsr","datePublished":"2016-07-05T22:00:00+00:00","dateModified":"2023-07-24T20:40:09+00:00","description":"The Museum of Fine Arts in Granada is hosting an exhibition on Falla and Zuloaga , two of the great geniuses of the twentieth century","breadcrumb":{"@id":"https:\/\/www.ciceronegranada.com\/en\/blog\/alhambra-falla-and-zuloaga\/#breadcrumb"},"inLanguage":"en-US","potentialAction":[{"@type":"ReadAction","target":["https:\/\/www.ciceronegranada.com\/en\/blog\/alhambra-falla-and-zuloaga\/"]}]},{"@type":"ImageObject","inLanguage":"en-US","@id":"https:\/\/www.ciceronegranada.com\/en\/blog\/alhambra-falla-and-zuloaga\/#primaryimage","url":"https:\/\/www.ciceronegranada.com\/wp-content\/uploads\/2016\/07\/Manuel-Falla-Zuloaga-1.jpg?wsr","contentUrl":"https:\/\/www.ciceronegranada.com\/wp-content\/uploads\/2016\/07\/Manuel-Falla-Zuloaga-1.jpg?wsr","width":1000,"height":1127,"caption":"Manuel Falla Zuloaga 1"},{"@type":"BreadcrumbList","@id":"https:\/\/www.ciceronegranada.com\/en\/blog\/alhambra-falla-and-zuloaga\/#breadcrumb","itemListElement":[{"@type":"ListItem","position":1,"name":"Home","item":"https:\/\/www.ciceronegranada.com\/en\/"},{"@type":"ListItem","position":2,"name":"Falla and Zuloaga, reunion in the Alhambra"}]},{"@type":"WebSite","@id":"https:\/\/www.ciceronegranada.com\/en\/#website","url":"https:\/\/www.ciceronegranada.com\/en\/","name":"Visitas guiadas Granada y Alhambra | Gu\u00edas locales expertos","description":"Visitas guiadas de Granada o la Alhambra con gu\u00edas locales expertos. Tours privados o en grupos reducidos para que no te pierdas ning\u00fan rinc\u00f3n de la ciudad.","publisher":{"@id":"https:\/\/www.ciceronegranada.com\/en\/#organization"},"alternateName":"Visitas guiadas Granada y Alhambra | Cicerone Granada","potentialAction":[{"@type":"SearchAction","target":{"@type":"EntryPoint","urlTemplate":"https:\/\/www.ciceronegranada.com\/en\/?s={search_term_string}"},"query-input":{"@type":"PropertyValueSpecification","valueRequired":true,"valueName":"search_term_string"}}],"inLanguage":"en-US"},{"@type":"Organization","@id":"https:\/\/www.ciceronegranada.com\/en\/#organization","name":"CiceroneGranada","url":"https:\/\/www.ciceronegranada.com\/en\/","logo":{"@type":"ImageObject","inLanguage":"en-US","@id":"https:\/\/www.ciceronegranada.com\/en\/#\/schema\/logo\/image\/","url":"https:\/\/www.ciceronegranada.com\/wp-content\/uploads\/2022\/09\/logo-cicerone-2022-black.png","contentUrl":"https:\/\/www.ciceronegranada.com\/wp-content\/uploads\/2022\/09\/logo-cicerone-2022-black.png","width":1042,"height":217,"caption":"CiceroneGranada"},"image":{"@id":"https:\/\/www.ciceronegranada.com\/en\/#\/schema\/logo\/image\/"}},{"@type":"Person","@id":"https:\/\/www.ciceronegranada.com\/en\/#\/schema\/person\/42bce85e3bf83696c1c62f63a303f34f","name":"Cicerone CM","image":{"@type":"ImageObject","inLanguage":"en-US","@id":"https:\/\/www.ciceronegranada.com\/en\/#\/schema\/person\/image\/","url":"https:\/\/secure.gravatar.com\/avatar\/1d2f109eddb7359d7da263c2ca5f3ad2?s=96&d=mm&r=g","contentUrl":"https:\/\/secure.gravatar.com\/avatar\/1d2f109eddb7359d7da263c2ca5f3ad2?s=96&d=mm&r=g","caption":"Cicerone CM"},"sameAs":["https:\/\/www.ciceronegranada.com"]}]}},"_links":{"self":[{"href":"https:\/\/www.ciceronegranada.com\/en\/wp-json\/wp\/v2\/posts\/263"}],"collection":[{"href":"https:\/\/www.ciceronegranada.com\/en\/wp-json\/wp\/v2\/posts"}],"about":[{"href":"https:\/\/www.ciceronegranada.com\/en\/wp-json\/wp\/v2\/types\/post"}],"author":[{"embeddable":true,"href":"https:\/\/www.ciceronegranada.com\/en\/wp-json\/wp\/v2\/users\/3"}],"replies":[{"embeddable":true,"href":"https:\/\/www.ciceronegranada.com\/en\/wp-json\/wp\/v2\/comments?post=263"}],"version-history":[{"count":8,"href":"https:\/\/www.ciceronegranada.com\/en\/wp-json\/wp\/v2\/posts\/263\/revisions"}],"predecessor-version":[{"id":15682,"href":"https:\/\/www.ciceronegranada.com\/en\/wp-json\/wp\/v2\/posts\/263\/revisions\/15682"}],"wp:featuredmedia":[{"embeddable":true,"href":"https:\/\/www.ciceronegranada.com\/en\/wp-json\/wp\/v2\/media\/2194"}],"wp:attachment":[{"href":"https:\/\/www.ciceronegranada.com\/en\/wp-json\/wp\/v2\/media?parent=263"}],"wp:term":[{"taxonomy":"category","embeddable":true,"href":"https:\/\/www.ciceronegranada.com\/en\/wp-json\/wp\/v2\/categories?post=263"},{"taxonomy":"post_tag","embeddable":true,"href":"https:\/\/www.ciceronegranada.com\/en\/wp-json\/wp\/v2\/tags?post=263"}],"curies":[{"name":"wp","href":"https:\/\/api.w.org\/{rel}","templated":true}]}}