{"id":14757,"date":"2023-05-04T16:57:28","date_gmt":"2023-05-04T14:57:28","guid":{"rendered":"https:\/\/www.ciceronegranada.com\/?p=14757"},"modified":"2025-11-29T20:43:31","modified_gmt":"2025-11-29T19:43:31","slug":"granada-festival-unique-experience-for-the-senses","status":"publish","type":"post","link":"https:\/\/www.ciceronegranada.com\/en\/blog\/granada-festival-unique-experience-for-the-senses\/","title":{"rendered":"Granada Festival, a unique experience for the senses"},"content":{"rendered":"\n<p><strong>Granada\u2019s big culture moment\u2014make the schedule work for you.<\/strong><\/p>\n\n\n\n<p>Many culture-seekers wonder, <em>\u201cWhat exactly is the Granada Festival and how does it differ from a normal concert season?\u201d<\/em> We answer by describing how music, dance, and historic venues\u2014especially the Alhambra\u2014come together each year, and how you can plan for tickets and dates if you want this festival to be the emotional centerpiece of your trip.<\/p>\n\n\n\n<p>The <strong>Granada Festival of Music and Dance<\/strong>, or <strong>Festival Internacional de Musica y Danza<\/strong>, takes place every summer and draws some of the best musicians and dancers from around the world. The festival features orchestral concerts and dance recitals. Spilling out from the Carlos V Palace and the Generalife Gardens, where many of the concerts and recitals occur, is the <strong>FEX<\/strong>, what the locals call the extension of the official festival that sees many more concerts happening all over the city.<\/p>\n\n\n\n\n\n\n<h2 class=\"wp-block-heading\">Discover the Magic of the Granada Music and Dance Festival: A Unique Experience in Spain<\/h2>\n\n\n\n<p>Attending the <strong>Granada Festival <\/strong>is a great way to experience not only <strong>leisure and culture in Granada<\/strong>, but also its architecture, food, people, and character. Thousands of people from around the world descend on Granada every summer, and the city uses this opportunity to showcase its vibrant culture.<\/p>\n\n\n\n<figure class=\"wp-block-image size-full\"><img fetchpriority=\"high\" decoding=\"async\" width=\"1352\" height=\"800\" src=\"https:\/\/www.ciceronegranada.com\/wp-content\/uploads\/2023\/05\/Festival-Internacional-de-Musica-y-Danza-de-Granada.webp\" alt=\"Granada Festival\" class=\"wp-image-14739\" srcset=\"https:\/\/www.ciceronegranada.com\/wp-content\/uploads\/2023\/05\/Festival-Internacional-de-Musica-y-Danza-de-Granada.webp 1352w, https:\/\/www.ciceronegranada.com\/wp-content\/uploads\/2023\/05\/Festival-Internacional-de-Musica-y-Danza-de-Granada-768x454.webp 768w\" sizes=\"(max-width: 1352px) 100vw, 1352px\" \/><\/figure>\n\n\n\n<h3 class=\"wp-block-heading\">Beautiful Venues<\/h3>\n\n\n\n<p>All of Granada&#8217;s performing venues are available for concerts and dance recitals. A few highlights include the Carlos V Palace, Generalife promenade, Alhambra&#8217;s Arrayanes Patio, and the Albaicin and Sacromonte neighborhoods.<br><br>The Generalife promenade is known as the &#8220;garden of paradise&#8221; and leads to the Patio de la Acequia, on the Fairgrounds, one of the most famous and celebrated spots in the city. After the scheduled concerts, the city lights up with after-hours recitals and concerts to keep the party going.<br><br>Nasrid buildings form most of the backdrops for the concerts during the festival. These ancient fortresses and gardens, built centuries ago by Granada&#8217;s former Moorish rulers, draw huge crowds and attract concert-goers from around the world.<\/p>\n\n\n\n<h3 class=\"wp-block-heading\">Performances from Top-Notch Musical Acts<\/h3>\n\n\n\n<p>There are dozens of scheduled <strong>concerts in Granada<\/strong> throughout the city during the festival, ranging in ticket price from 10 to 60 Euros. Performers are some of the most celebrated in Spain and the world. This year, musical acts include Jesus Mendez, Vikingir Olafsson, Benjamin Alard, American Nobel Prize winner Bob Dylan, and more.<br><br>All of these musicians and many more will perform in beautiful concert halls all over the city during the <strong>Granada Festival<\/strong>, promising an unforgettable experience.<\/p>\n\n\n\n<h3 class=\"wp-block-heading\">A Brief History of the Granada Festival<\/h3>\n\n\n\n<figure class=\"wp-block-gallery has-nested-images columns-default is-cropped wp-block-gallery-2 is-layout-flex wp-block-gallery-is-layout-flex\">\n<figure class=\"wp-block-image\"><img decoding=\"async\" width=\"2190\" height=\"800\" data-id=\"14752\" src=\"https:\/\/www.ciceronegranada.com\/wp-content\/uploads\/2023\/05\/Palacio-Carlos-V.webp\" alt=\"Carlos V Palace\" class=\"wp-image-14752\" srcset=\"https:\/\/www.ciceronegranada.com\/wp-content\/uploads\/2023\/05\/Palacio-Carlos-V.webp 2190w, https:\/\/www.ciceronegranada.com\/wp-content\/uploads\/2023\/05\/Palacio-Carlos-V-768x281.webp 768w, https:\/\/www.ciceronegranada.com\/wp-content\/uploads\/2023\/05\/Palacio-Carlos-V-1536x561.webp 1536w, https:\/\/www.ciceronegranada.com\/wp-content\/uploads\/2023\/05\/Palacio-Carlos-V-2048x748.webp 2048w\" sizes=\"(max-width: 2190px) 100vw, 2190px\" \/><\/figure>\n<\/figure>\n\n\n\n<p>As you might expect, the history of the <strong>Granada Festival<\/strong> stretches back over a hundred years. In 1883, the Cante Jondo flamenco singing contest was held at the Alhambra Aljibes, starting a tradition of prestigious, international concerts and competitions in Granada. In 1922, the flamenco contest was attended by many famous and prominent Spaniards, including Federico Garcia Lorca, Manuel de Falla, and Ramon Gomez de la Serna, which propelled the spectacle for another 30 years, when in 1952, the first <strong>Granada Festival,<\/strong> as we know it toda,y was held. During the pandemic of 2020, the festival went online, holding the &#8216;Digital <strong>Granada Festival<\/strong>&#8216;, which featured a sextet of renowned Spanish musicians being broadcast online and on national Spanish television channels.<\/p>\n\n\n\n<h3 class=\"wp-block-heading\">A Focus on Education<\/h3>\n\n\n\n<p>One thing that makes the <strong>Granada Festival<\/strong> unique is its Manuel de Falla Courses, which are classes in interdisciplinary artistic areas, from singing, playing various instruments, reading music, dancing, and even concert photography. The Manuel de Falla Courses debuted in 1970 and have been delighting festival-goers of all ages for over 50 years.<\/p>\n\n\n\n<h3 class=\"wp-block-heading\">Long Traditions<\/h3>\n\n\n\n<p>For decades, the best classical musicians, dancers, and other artists have put on shows during the <strong>Granada Festival<\/strong>. The programming has been focused on classical music, ballet, flamenco dancing, and traditional Spanish dance, with yearly explorations of both ancient and contemporary music.<br><br>The best way to experience the best <strong>concerts in Granada <\/strong>this year is at the festival. Experience <strong>leisure and culture in Granada<\/strong> in front of the city&#8217;s most historic and beautiful backdrops while taking in some of the most skilled performers in the country.<\/p>\n\n\n\n<h2 class=\"wp-block-heading\">The Party Continues with the FEX<\/h2>\n\n\n\n<p><a href=\"https:\/\/granadafestival.org\/fex\/\" target=\"_blank\" rel=\"noreferrer noopener\">The FEX<\/a>, or the Extension of the Festival, is a tradition stretching back decades. Essentially a city-wide after-party, each night after a day of official <strong>Granada Festival <\/strong>events, informal concerts and performances pop up all over the city. These performances occur throughout all neighborhoods of the city and even outside the capital. All of these concerts outside the official festival programming are unticketed.<br><br>This year, several award-winning performers will delight after-hours concert-goers all over the area, including the Festival&#8217;s Baroque Academy, Clara Montes, flamenco artist Carlos de Jacoba, cellist Josetxu de Obreg\u00f3n, and resident artist Ton Koopman.<br><br>From the Port of Motril to the Sierra Nevadas, venues will be packed with concert-goers and beautiful music, dance, and dramatic performances. Another highlight in FEX programming this year is the Zarzuela <em>La Lola Goes to the Ports<\/em>. A Zarzuela is a Spanish spin on traditional opera, featuring alternating spoken and sung dialogue. This performance will be given by the University of Granada and promises to be an epic that viewers will be talking about for years to come. Perhaps the crown jewel of the FEX this year will be a rare performance outside Granada Province at the Infanta Leonor Theater in Jaen by the National Youth Orchestra of Spain, conducted by the legendary Israeli composer Eliahu Inbal.<br><br>These concerts are only the tip of the iceberg when it comes to all the events featured in the FEX. International bands and musicians will perform, as well as local acts from the many music conservatories and schools in the area, not to mention performances from the Music Band of Granada and a variety of samples from the Manuel de Falla workshop courses. <em>Common Ground,<\/em> an international summit of many types of artists organized by Creative Europe, will also showcase events during FEX.<\/p>\n\n\n\n<figure class=\"wp-block-gallery has-nested-images columns-default is-cropped wp-block-gallery-3 is-layout-flex wp-block-gallery-is-layout-flex\">\n<figure class=\"wp-block-image\"><img decoding=\"async\" width=\"1199\" height=\"800\" data-id=\"14749\" src=\"https:\/\/www.ciceronegranada.com\/wp-content\/uploads\/2023\/05\/Concierto-Festival-Internacion-de-Granada.webp\" alt=\"Granada Festival Concerts\" class=\"wp-image-14749\" srcset=\"https:\/\/www.ciceronegranada.com\/wp-content\/uploads\/2023\/05\/Concierto-Festival-Internacion-de-Granada.webp 1199w, https:\/\/www.ciceronegranada.com\/wp-content\/uploads\/2023\/05\/Concierto-Festival-Internacion-de-Granada-768x512.webp 768w\" sizes=\"(max-width: 1199px) 100vw, 1199px\" \/><\/figure>\n<\/figure>\n\n\n\n<h2 class=\"wp-block-heading\">Conclusion<\/h2>\n\n\n\n<p>The <strong>Granada Festival<\/strong> and the FEX are cultural touchstones for the Province. They attract thousands of international and local tourists who flock to the city to bask in the music and art. The streets come alive in Granada with music and dancing, and no matter where you are, you&#8217;ll find a hopping scene to join close by.<br><br>If you&#8217;re interested in visiting Southern Spain, consider making it to Granada for the Festival. You will not be disappointed.<\/p>\n\n\n\n<div style=\"height:100px\" aria-hidden=\"true\" class=\"wp-block-spacer\"><\/div>\n","protected":false},"excerpt":{"rendered":"<p>Granada\u2019s big culture moment\u2014make the schedule work for you. Many culture-seekers wonder, \u201cWhat exactly is the Granada Festival and how does it differ from a normal concert season?\u201d We answer by describing how music, dance, and historic venues\u2014especially the Alhambra\u2014come together each year, and how you can plan for tickets and dates if you want [&hellip;]<\/p>\n","protected":false},"author":8,"featured_media":14739,"comment_status":"closed","ping_status":"closed","sticky":false,"template":"","format":"standard","meta":{"content-type":"","footnotes":""},"categories":[315],"tags":[],"yoast_head":"<!-- This site is optimized with the Yoast SEO plugin v24.5 - https:\/\/yoast.com\/wordpress\/plugins\/seo\/ -->\n<title>Granada Festival: Tickets, Venues &amp; Private Experiences<\/title>\n<meta name=\"description\" content=\"The Granada Festival. Granada art, music, and more. Overview of the Granada Festival and how to combine it with private experiences.\" \/>\n<meta name=\"robots\" content=\"index, follow, max-snippet:-1, max-image-preview:large, max-video-preview:-1\" \/>\n<link rel=\"canonical\" href=\"https:\/\/www.ciceronegranada.com\/en\/blog\/granada-festival-unique-experience-for-the-senses\/\" \/>\n<meta property=\"og:locale\" content=\"en_US\" \/>\n<meta property=\"og:type\" content=\"article\" \/>\n<meta property=\"og:title\" content=\"Granada Festival: Tickets, Venues &amp; Private Experiences\" \/>\n<meta property=\"og:description\" content=\"The Granada Festival. Granada art, music, and more. Overview of the Granada Festival and how to combine it with private experiences.\" \/>\n<meta property=\"og:url\" content=\"https:\/\/www.ciceronegranada.com\/en\/blog\/granada-festival-unique-experience-for-the-senses\/\" \/>\n<meta property=\"og:site_name\" content=\"Visitas guiadas Granada y Alhambra | Gu\u00edas locales expertos\" \/>\n<meta property=\"article:published_time\" content=\"2023-05-04T14:57:28+00:00\" \/>\n<meta property=\"article:modified_time\" content=\"2025-11-29T19:43:31+00:00\" \/>\n<meta property=\"og:image\" content=\"https:\/\/www.ciceronegranada.com\/wp-content\/uploads\/2023\/05\/Festival-Internacional-de-Musica-y-Danza-de-Granada.webp?wsr\" \/>\n\t<meta property=\"og:image:width\" content=\"1352\" \/>\n\t<meta property=\"og:image:height\" content=\"800\" \/>\n\t<meta property=\"og:image:type\" content=\"image\/webp\" \/>\n<meta name=\"author\" content=\"Valen\" \/>\n<meta name=\"twitter:card\" content=\"summary_large_image\" \/>\n<meta name=\"twitter:label1\" content=\"Written by\" \/>\n\t<meta name=\"twitter:data1\" content=\"Valen\" \/>\n\t<meta name=\"twitter:label2\" content=\"Est. reading time\" \/>\n\t<meta name=\"twitter:data2\" content=\"6 minutes\" \/>\n<script type=\"application\/ld+json\" class=\"yoast-schema-graph\">{\"@context\":\"https:\/\/schema.org\",\"@graph\":[{\"@type\":[\"Article\",\"BlogPosting\"],\"@id\":\"https:\/\/www.ciceronegranada.com\/en\/blog\/granada-festival-unique-experience-for-the-senses\/#article\",\"isPartOf\":{\"@id\":\"https:\/\/www.ciceronegranada.com\/en\/blog\/granada-festival-unique-experience-for-the-senses\/\"},\"author\":{\"name\":\"Valen\",\"@id\":\"https:\/\/www.ciceronegranada.com\/en\/#\/schema\/person\/e9b2428513cf2032d9902e8325c5eb9a\"},\"headline\":\"Granada Festival, a unique experience for the senses\",\"datePublished\":\"2023-05-04T14:57:28+00:00\",\"dateModified\":\"2025-11-29T19:43:31+00:00\",\"mainEntityOfPage\":{\"@id\":\"https:\/\/www.ciceronegranada.com\/en\/blog\/granada-festival-unique-experience-for-the-senses\/\"},\"wordCount\":1072,\"publisher\":{\"@id\":\"https:\/\/www.ciceronegranada.com\/en\/#organization\"},\"image\":{\"@id\":\"https:\/\/www.ciceronegranada.com\/en\/blog\/granada-festival-unique-experience-for-the-senses\/#primaryimage\"},\"thumbnailUrl\":\"https:\/\/www.ciceronegranada.com\/wp-content\/uploads\/2023\/05\/Festival-Internacional-de-Musica-y-Danza-de-Granada.webp?wsr\",\"articleSection\":[\"Granada\"],\"inLanguage\":\"en-US\"},{\"@type\":\"WebPage\",\"@id\":\"https:\/\/www.ciceronegranada.com\/en\/blog\/granada-festival-unique-experience-for-the-senses\/\",\"url\":\"https:\/\/www.ciceronegranada.com\/en\/blog\/granada-festival-unique-experience-for-the-senses\/\",\"name\":\"Granada Festival: Tickets, Venues & Private Experiences\",\"isPartOf\":{\"@id\":\"https:\/\/www.ciceronegranada.com\/en\/#website\"},\"primaryImageOfPage\":{\"@id\":\"https:\/\/www.ciceronegranada.com\/en\/blog\/granada-festival-unique-experience-for-the-senses\/#primaryimage\"},\"image\":{\"@id\":\"https:\/\/www.ciceronegranada.com\/en\/blog\/granada-festival-unique-experience-for-the-senses\/#primaryimage\"},\"thumbnailUrl\":\"https:\/\/www.ciceronegranada.com\/wp-content\/uploads\/2023\/05\/Festival-Internacional-de-Musica-y-Danza-de-Granada.webp?wsr\",\"datePublished\":\"2023-05-04T14:57:28+00:00\",\"dateModified\":\"2025-11-29T19:43:31+00:00\",\"description\":\"The Granada Festival. Granada art, music, and more. Overview of the Granada Festival and how to combine it with private experiences.\",\"breadcrumb\":{\"@id\":\"https:\/\/www.ciceronegranada.com\/en\/blog\/granada-festival-unique-experience-for-the-senses\/#breadcrumb\"},\"inLanguage\":\"en-US\",\"potentialAction\":[{\"@type\":\"ReadAction\",\"target\":[\"https:\/\/www.ciceronegranada.com\/en\/blog\/granada-festival-unique-experience-for-the-senses\/\"]}]},{\"@type\":\"ImageObject\",\"inLanguage\":\"en-US\",\"@id\":\"https:\/\/www.ciceronegranada.com\/en\/blog\/granada-festival-unique-experience-for-the-senses\/#primaryimage\",\"url\":\"https:\/\/www.ciceronegranada.com\/wp-content\/uploads\/2023\/05\/Festival-Internacional-de-Musica-y-Danza-de-Granada.webp?wsr\",\"contentUrl\":\"https:\/\/www.ciceronegranada.com\/wp-content\/uploads\/2023\/05\/Festival-Internacional-de-Musica-y-Danza-de-Granada.webp?wsr\",\"width\":1352,\"height\":800,\"caption\":\"Festival Internacional de Musica y Danza de Granada\"},{\"@type\":\"BreadcrumbList\",\"@id\":\"https:\/\/www.ciceronegranada.com\/en\/blog\/granada-festival-unique-experience-for-the-senses\/#breadcrumb\",\"itemListElement\":[{\"@type\":\"ListItem\",\"position\":1,\"name\":\"Home\",\"item\":\"https:\/\/www.ciceronegranada.com\/en\/\"},{\"@type\":\"ListItem\",\"position\":2,\"name\":\"Granada Festival, a unique experience for the senses\"}]},{\"@type\":\"WebSite\",\"@id\":\"https:\/\/www.ciceronegranada.com\/en\/#website\",\"url\":\"https:\/\/www.ciceronegranada.com\/en\/\",\"name\":\"Visitas guiadas Granada y Alhambra | Gu\u00edas locales expertos\",\"description\":\"Visitas guiadas de Granada o la Alhambra con gu\u00edas locales expertos. Tours privados o en grupos reducidos para que no te pierdas ning\u00fan rinc\u00f3n de la ciudad.\",\"publisher\":{\"@id\":\"https:\/\/www.ciceronegranada.com\/en\/#organization\"},\"alternateName\":\"Visitas guiadas Granada y Alhambra | Cicerone Granada\",\"potentialAction\":[{\"@type\":\"SearchAction\",\"target\":{\"@type\":\"EntryPoint\",\"urlTemplate\":\"https:\/\/www.ciceronegranada.com\/en\/?s={search_term_string}\"},\"query-input\":{\"@type\":\"PropertyValueSpecification\",\"valueRequired\":true,\"valueName\":\"search_term_string\"}}],\"inLanguage\":\"en-US\"},{\"@type\":\"Organization\",\"@id\":\"https:\/\/www.ciceronegranada.com\/en\/#organization\",\"name\":\"CiceroneGranada\",\"url\":\"https:\/\/www.ciceronegranada.com\/en\/\",\"logo\":{\"@type\":\"ImageObject\",\"inLanguage\":\"en-US\",\"@id\":\"https:\/\/www.ciceronegranada.com\/en\/#\/schema\/logo\/image\/\",\"url\":\"https:\/\/www.ciceronegranada.com\/wp-content\/uploads\/2022\/09\/logo-cicerone-2022-black.png\",\"contentUrl\":\"https:\/\/www.ciceronegranada.com\/wp-content\/uploads\/2022\/09\/logo-cicerone-2022-black.png\",\"width\":1042,\"height\":217,\"caption\":\"CiceroneGranada\"},\"image\":{\"@id\":\"https:\/\/www.ciceronegranada.com\/en\/#\/schema\/logo\/image\/\"}},{\"@type\":\"Person\",\"@id\":\"https:\/\/www.ciceronegranada.com\/en\/#\/schema\/person\/e9b2428513cf2032d9902e8325c5eb9a\",\"name\":\"Valen\",\"image\":{\"@type\":\"ImageObject\",\"inLanguage\":\"en-US\",\"@id\":\"https:\/\/www.ciceronegranada.com\/en\/#\/schema\/person\/image\/\",\"url\":\"https:\/\/secure.gravatar.com\/avatar\/08c8f434ea0b097302998c42100415c8?s=96&d=mm&r=g\",\"contentUrl\":\"https:\/\/secure.gravatar.com\/avatar\/08c8f434ea0b097302998c42100415c8?s=96&d=mm&r=g\",\"caption\":\"Valen\"}}]}<\/script>\n<!-- \/ Yoast SEO plugin. -->","yoast_head_json":{"title":"Granada Festival: Tickets, Venues & Private Experiences","description":"The Granada Festival. Granada art, music, and more. Overview of the Granada Festival and how to combine it with private experiences.","robots":{"index":"index","follow":"follow","max-snippet":"max-snippet:-1","max-image-preview":"max-image-preview:large","max-video-preview":"max-video-preview:-1"},"canonical":"https:\/\/www.ciceronegranada.com\/en\/blog\/granada-festival-unique-experience-for-the-senses\/","og_locale":"en_US","og_type":"article","og_title":"Granada Festival: Tickets, Venues & Private Experiences","og_description":"The Granada Festival. Granada art, music, and more. Overview of the Granada Festival and how to combine it with private experiences.","og_url":"https:\/\/www.ciceronegranada.com\/en\/blog\/granada-festival-unique-experience-for-the-senses\/","og_site_name":"Visitas guiadas Granada y Alhambra | Gu\u00edas locales expertos","article_published_time":"2023-05-04T14:57:28+00:00","article_modified_time":"2025-11-29T19:43:31+00:00","og_image":[{"width":1352,"height":800,"url":"https:\/\/www.ciceronegranada.com\/wp-content\/uploads\/2023\/05\/Festival-Internacional-de-Musica-y-Danza-de-Granada.webp?wsr","type":"image\/webp"}],"author":"Valen","twitter_card":"summary_large_image","twitter_misc":{"Written by":"Valen","Est. reading time":"6 minutes"},"schema":{"@context":"https:\/\/schema.org","@graph":[{"@type":["Article","BlogPosting"],"@id":"https:\/\/www.ciceronegranada.com\/en\/blog\/granada-festival-unique-experience-for-the-senses\/#article","isPartOf":{"@id":"https:\/\/www.ciceronegranada.com\/en\/blog\/granada-festival-unique-experience-for-the-senses\/"},"author":{"name":"Valen","@id":"https:\/\/www.ciceronegranada.com\/en\/#\/schema\/person\/e9b2428513cf2032d9902e8325c5eb9a"},"headline":"Granada Festival, a unique experience for the senses","datePublished":"2023-05-04T14:57:28+00:00","dateModified":"2025-11-29T19:43:31+00:00","mainEntityOfPage":{"@id":"https:\/\/www.ciceronegranada.com\/en\/blog\/granada-festival-unique-experience-for-the-senses\/"},"wordCount":1072,"publisher":{"@id":"https:\/\/www.ciceronegranada.com\/en\/#organization"},"image":{"@id":"https:\/\/www.ciceronegranada.com\/en\/blog\/granada-festival-unique-experience-for-the-senses\/#primaryimage"},"thumbnailUrl":"https:\/\/www.ciceronegranada.com\/wp-content\/uploads\/2023\/05\/Festival-Internacional-de-Musica-y-Danza-de-Granada.webp?wsr","articleSection":["Granada"],"inLanguage":"en-US"},{"@type":"WebPage","@id":"https:\/\/www.ciceronegranada.com\/en\/blog\/granada-festival-unique-experience-for-the-senses\/","url":"https:\/\/www.ciceronegranada.com\/en\/blog\/granada-festival-unique-experience-for-the-senses\/","name":"Granada Festival: Tickets, Venues & Private Experiences","isPartOf":{"@id":"https:\/\/www.ciceronegranada.com\/en\/#website"},"primaryImageOfPage":{"@id":"https:\/\/www.ciceronegranada.com\/en\/blog\/granada-festival-unique-experience-for-the-senses\/#primaryimage"},"image":{"@id":"https:\/\/www.ciceronegranada.com\/en\/blog\/granada-festival-unique-experience-for-the-senses\/#primaryimage"},"thumbnailUrl":"https:\/\/www.ciceronegranada.com\/wp-content\/uploads\/2023\/05\/Festival-Internacional-de-Musica-y-Danza-de-Granada.webp?wsr","datePublished":"2023-05-04T14:57:28+00:00","dateModified":"2025-11-29T19:43:31+00:00","description":"The Granada Festival. Granada art, music, and more. Overview of the Granada Festival and how to combine it with private experiences.","breadcrumb":{"@id":"https:\/\/www.ciceronegranada.com\/en\/blog\/granada-festival-unique-experience-for-the-senses\/#breadcrumb"},"inLanguage":"en-US","potentialAction":[{"@type":"ReadAction","target":["https:\/\/www.ciceronegranada.com\/en\/blog\/granada-festival-unique-experience-for-the-senses\/"]}]},{"@type":"ImageObject","inLanguage":"en-US","@id":"https:\/\/www.ciceronegranada.com\/en\/blog\/granada-festival-unique-experience-for-the-senses\/#primaryimage","url":"https:\/\/www.ciceronegranada.com\/wp-content\/uploads\/2023\/05\/Festival-Internacional-de-Musica-y-Danza-de-Granada.webp?wsr","contentUrl":"https:\/\/www.ciceronegranada.com\/wp-content\/uploads\/2023\/05\/Festival-Internacional-de-Musica-y-Danza-de-Granada.webp?wsr","width":1352,"height":800,"caption":"Festival Internacional de Musica y Danza de Granada"},{"@type":"BreadcrumbList","@id":"https:\/\/www.ciceronegranada.com\/en\/blog\/granada-festival-unique-experience-for-the-senses\/#breadcrumb","itemListElement":[{"@type":"ListItem","position":1,"name":"Home","item":"https:\/\/www.ciceronegranada.com\/en\/"},{"@type":"ListItem","position":2,"name":"Granada Festival, a unique experience for the senses"}]},{"@type":"WebSite","@id":"https:\/\/www.ciceronegranada.com\/en\/#website","url":"https:\/\/www.ciceronegranada.com\/en\/","name":"Visitas guiadas Granada y Alhambra | Gu\u00edas locales expertos","description":"Visitas guiadas de Granada o la Alhambra con gu\u00edas locales expertos. Tours privados o en grupos reducidos para que no te pierdas ning\u00fan rinc\u00f3n de la ciudad.","publisher":{"@id":"https:\/\/www.ciceronegranada.com\/en\/#organization"},"alternateName":"Visitas guiadas Granada y Alhambra | Cicerone Granada","potentialAction":[{"@type":"SearchAction","target":{"@type":"EntryPoint","urlTemplate":"https:\/\/www.ciceronegranada.com\/en\/?s={search_term_string}"},"query-input":{"@type":"PropertyValueSpecification","valueRequired":true,"valueName":"search_term_string"}}],"inLanguage":"en-US"},{"@type":"Organization","@id":"https:\/\/www.ciceronegranada.com\/en\/#organization","name":"CiceroneGranada","url":"https:\/\/www.ciceronegranada.com\/en\/","logo":{"@type":"ImageObject","inLanguage":"en-US","@id":"https:\/\/www.ciceronegranada.com\/en\/#\/schema\/logo\/image\/","url":"https:\/\/www.ciceronegranada.com\/wp-content\/uploads\/2022\/09\/logo-cicerone-2022-black.png","contentUrl":"https:\/\/www.ciceronegranada.com\/wp-content\/uploads\/2022\/09\/logo-cicerone-2022-black.png","width":1042,"height":217,"caption":"CiceroneGranada"},"image":{"@id":"https:\/\/www.ciceronegranada.com\/en\/#\/schema\/logo\/image\/"}},{"@type":"Person","@id":"https:\/\/www.ciceronegranada.com\/en\/#\/schema\/person\/e9b2428513cf2032d9902e8325c5eb9a","name":"Valen","image":{"@type":"ImageObject","inLanguage":"en-US","@id":"https:\/\/www.ciceronegranada.com\/en\/#\/schema\/person\/image\/","url":"https:\/\/secure.gravatar.com\/avatar\/08c8f434ea0b097302998c42100415c8?s=96&d=mm&r=g","contentUrl":"https:\/\/secure.gravatar.com\/avatar\/08c8f434ea0b097302998c42100415c8?s=96&d=mm&r=g","caption":"Valen"}}]}},"_links":{"self":[{"href":"https:\/\/www.ciceronegranada.com\/en\/wp-json\/wp\/v2\/posts\/14757"}],"collection":[{"href":"https:\/\/www.ciceronegranada.com\/en\/wp-json\/wp\/v2\/posts"}],"about":[{"href":"https:\/\/www.ciceronegranada.com\/en\/wp-json\/wp\/v2\/types\/post"}],"author":[{"embeddable":true,"href":"https:\/\/www.ciceronegranada.com\/en\/wp-json\/wp\/v2\/users\/8"}],"replies":[{"embeddable":true,"href":"https:\/\/www.ciceronegranada.com\/en\/wp-json\/wp\/v2\/comments?post=14757"}],"version-history":[{"count":7,"href":"https:\/\/www.ciceronegranada.com\/en\/wp-json\/wp\/v2\/posts\/14757\/revisions"}],"predecessor-version":[{"id":20635,"href":"https:\/\/www.ciceronegranada.com\/en\/wp-json\/wp\/v2\/posts\/14757\/revisions\/20635"}],"wp:featuredmedia":[{"embeddable":true,"href":"https:\/\/www.ciceronegranada.com\/en\/wp-json\/wp\/v2\/media\/14739"}],"wp:attachment":[{"href":"https:\/\/www.ciceronegranada.com\/en\/wp-json\/wp\/v2\/media?parent=14757"}],"wp:term":[{"taxonomy":"category","embeddable":true,"href":"https:\/\/www.ciceronegranada.com\/en\/wp-json\/wp\/v2\/categories?post=14757"},{"taxonomy":"post_tag","embeddable":true,"href":"https:\/\/www.ciceronegranada.com\/en\/wp-json\/wp\/v2\/tags?post=14757"}],"curies":[{"name":"wp","href":"https:\/\/api.w.org\/{rel}","templated":true}]}}